{"id":9573,"date":"2016-11-03T07:30:19","date_gmt":"2016-11-03T06:30:19","guid":{"rendered":"http:\/\/www.zwartraafje.be\/blog\/?p=9573"},"modified":"2016-11-02T13:58:47","modified_gmt":"2016-11-02T12:58:47","slug":"boekenbeurs-1-an-janssens-koekjes","status":"publish","type":"post","link":"https:\/\/www.zwartraafje.be\/blog\/2016\/11\/boekenbeurs-1-an-janssens-koekjes\/","title":{"rendered":"Boekenbeurs #1: An Janssens, koekjes, &#8230;"},"content":{"rendered":"<p><a href=\"https:\/\/www.zwartraafje.be\/blog\/wp-content\/uploads\/2016\/11\/boekenbeursiskoekjesbeurs.jpg\"><img loading=\"lazy\" decoding=\"async\" class=\"alignleft wp-image-9574 \" src=\"https:\/\/www.zwartraafje.be\/blog\/wp-content\/uploads\/2016\/11\/boekenbeursiskoekjesbeurs.jpg\" alt=\"boekenbeursiskoekjesbeurs\" width=\"336\" height=\"336\" srcset=\"https:\/\/www.zwartraafje.be\/blog\/wp-content\/uploads\/2016\/11\/boekenbeursiskoekjesbeurs.jpg 700w, https:\/\/www.zwartraafje.be\/blog\/wp-content\/uploads\/2016\/11\/boekenbeursiskoekjesbeurs-150x150.jpg 150w, https:\/\/www.zwartraafje.be\/blog\/wp-content\/uploads\/2016\/11\/boekenbeursiskoekjesbeurs-300x300.jpg 300w\" sizes=\"auto, (max-width: 336px) 100vw, 336px\" \/><\/a>Ondertussen is het een traditie geworden om koekjes uit te delen op de Boekenbeurs. Enkele jaren terug begon ik daarmee vermits ik de uitgeverijen met wie ik mocht (en nog steeds mag) samenwerken wilde bedanken. Ik vreesde even dat ik de koekjes niet mee zou mogen nemen vermits er werd aangekondigd dat je geen grote zakken mocht meebrengen maar gelukkig kreeg ik probleemloos toegang tijdens mijn eerste bezoekje aan de Boekenbeurs dit jaar.<\/p>\n<p><!--more--><\/p>\n<p><a href=\"https:\/\/www.zwartraafje.be\/blog\/wp-content\/uploads\/2016\/11\/20161101_135822-e1478090474784.jpg\"><img loading=\"lazy\" decoding=\"async\" class=\"alignright wp-image-9575 \" src=\"https:\/\/www.zwartraafje.be\/blog\/wp-content\/uploads\/2016\/11\/20161101_135822-e1478090474784.jpg\" alt=\"kaat-boekenbeurs-2016-selfie\" width=\"266\" height=\"354\" srcset=\"https:\/\/www.zwartraafje.be\/blog\/wp-content\/uploads\/2016\/11\/20161101_135822-e1478090474784.jpg 450w, https:\/\/www.zwartraafje.be\/blog\/wp-content\/uploads\/2016\/11\/20161101_135822-e1478090474784-225x300.jpg 225w\" sizes=\"auto, (max-width: 266px) 100vw, 266px\" \/><\/a>Die dag deed ik natuurlijk iets meer dan Koekjesfee spelen. Zo ging ik even dag zeggen bij mijn nicht <a href=\"http:\/\/kaatdekock.be\/\">Kaat de Kock<\/a> die bij de Clavis-stand haar boek Selfie signeerde. Ik bezocht ook even de Spiegeltent want ook al had ik al meerdere vriendinnen over de gezellige sfeer van zo&#8217;n tent horen praten, zelf had ik ze nog nooit in het echt gezien.<\/p>\n<p>Jammer genoeg was het (naar mijn normen alleszins) erg druk op de beurs en vermits ik het dan al snel benauwd krijg heb ik eigenlijk amper echt rondgekeken. Daar hoop ik bij \u00e9\u00e9n van mijn volgende bezoekjes verandering in te brengen.<\/p>\n<p><a href=\"https:\/\/www.zwartraafje.be\/blog\/wp-content\/uploads\/2016\/11\/20161101_151435-e1478090647294.jpg\"><img loading=\"lazy\" decoding=\"async\" class=\"alignleft wp-image-9576 \" src=\"https:\/\/www.zwartraafje.be\/blog\/wp-content\/uploads\/2016\/11\/20161101_151435-e1478090647294.jpg\" alt=\"interview-an-janssens\" width=\"313\" height=\"235\" \/><\/a>Gelukkig kon ik me wel even rustig installeren tijdens de voorstelling van Heksenhoeve, de bovennatuurlijke thriller van <a href=\"https:\/\/nl-nl.facebook.com\/an.janssens.589\">An Janssens<\/a>. Bovendien werd het interview afgenomen door <a href=\"https:\/\/oogopdetoekomst.com\/\">Marcia van Oog op de Toekomst<\/a> die ik nu dus eindelijk ook eens in het echt kon ontmoeten.<\/p>\n<p><a href=\"https:\/\/www.zwartraafje.be\/blog\/wp-content\/uploads\/2016\/11\/20161101_150614-e1478090709433.jpg\"><img loading=\"lazy\" decoding=\"async\" class=\"alignright wp-image-9577 \" src=\"https:\/\/www.zwartraafje.be\/blog\/wp-content\/uploads\/2016\/11\/20161101_150614-e1478090709433.jpg\" alt=\"interview-an-janssens-boekenbeurs\" width=\"322\" height=\"429\" srcset=\"https:\/\/www.zwartraafje.be\/blog\/wp-content\/uploads\/2016\/11\/20161101_150614-e1478090709433.jpg 450w, https:\/\/www.zwartraafje.be\/blog\/wp-content\/uploads\/2016\/11\/20161101_150614-e1478090709433-225x300.jpg 225w\" sizes=\"auto, (max-width: 322px) 100vw, 322px\" \/><\/a>Ik vond het een heel ontspannen interview \u00e9n ik leerde meteen weer een aantal zaken bij. De bewoners van de Heksenhoeve leven immers alsof de tijd honderd jaar geleden is blijven stilstaan. An Janssens deed dan ook heel wat research naar het leven in deze periode. Een groot deel van dit onderzoek kwam uiteindelijk niet in het boek terecht maar werd wel gedeeld met het publiek. <span style=\"color: #800080;\"><em>(Jammer genoeg is de kwaliteit van de foto&#8217;s niet al te denderend door die Lightsaber-achtige verlichting in de zaal.)<\/em><\/span><\/p>\n<p>Zo had ze het over het aantal keren dat het haar van de mensen in die periode werd gewassen (8 x per jaar \u00e9n met gewone zeep waardoor je haar ontzettend droog werd), over snelschijters, over het belang van Vlaams dialect in het verhaal en de manier waarop ze ervoor probeerde te zorgen dat ook lezers uit Nederland zouden verstaan waarover er in het boek werd gepraat. Zo leerde ik meteen ook hoe het komt dat men het in Belgi\u00eb over frieten heeft terwijl in Nederland de term patat wordt gehanteerd.<\/p>\n<p style=\"text-align: center;\"><strong>Wat ik verder nog te weten kwam:<\/strong><\/p>\n<p style=\"text-align: center;\">Spannende fragmenten schrijft ze in een sneller tempo \u2013 alsof ze als schrijfster mee wordt opgejaagd door de spanning.<\/p>\n<p style=\"text-align: center;\">*<\/p>\n<p style=\"text-align: center;\">Dat Heksenhoeve heel vaak herschreven werd.<\/p>\n<p style=\"text-align: center;\">*<\/p>\n<p style=\"text-align: center;\">Dat ze tijdens het schrijven zelf geen thrillers las omdat ze zich niet onbewust wilde laten be\u00efnvloeden.<\/p>\n<p style=\"text-align: center;\">*<\/p>\n<p style=\"text-align: center;\">Haar ingevingen voor verhalen komen vaak voort uit dromen, iets dat ze gelezen of gezien heeft.<\/p>\n<p style=\"text-align: center;\">*<\/p>\n<p style=\"text-align: center;\">Dat ze zelf meer gelijkenissen herkent in het personage Anouk, al is de koppigheid van Sander eveneens herkenbaar. (haar woorden, niet die van mij)<\/p>\n<p style=\"text-align: center;\">*<\/p>\n<p style=\"text-align: center;\"><a href=\"https:\/\/www.zwartraafje.be\/blog\/wp-content\/uploads\/2016\/11\/Screen-Shot-2016-11-01-at-21.37.28.png\"><img loading=\"lazy\" decoding=\"async\" class=\"aligncenter wp-image-9579 \" src=\"https:\/\/www.zwartraafje.be\/blog\/wp-content\/uploads\/2016\/11\/Screen-Shot-2016-11-01-at-21.37.28.png\" alt=\"an-janssens-boekenbeurs-2016\" width=\"416\" height=\"579\" srcset=\"https:\/\/www.zwartraafje.be\/blog\/wp-content\/uploads\/2016\/11\/Screen-Shot-2016-11-01-at-21.37.28.png 906w, https:\/\/www.zwartraafje.be\/blog\/wp-content\/uploads\/2016\/11\/Screen-Shot-2016-11-01-at-21.37.28-215x300.png 215w, https:\/\/www.zwartraafje.be\/blog\/wp-content\/uploads\/2016\/11\/Screen-Shot-2016-11-01-at-21.37.28-768x1070.png 768w, https:\/\/www.zwartraafje.be\/blog\/wp-content\/uploads\/2016\/11\/Screen-Shot-2016-11-01-at-21.37.28-735x1024.png 735w\" sizes=\"auto, (max-width: 416px) 100vw, 416px\" \/><\/a><\/p>\n<p style=\"text-align: center;\"><em>Dat het heel leuk is om bij thuiskomst online te ontdekken dat je niet de enige bent die het een leuke namiddag vond. Ik vond het echt tof om An Janssens opnieuw \u00e9n Marcia voor het eerst te ontmoeten.<\/em><\/p>\n<p style=\"text-align: center;\">*<\/p>\n<p style=\"text-align: center;\">Ze wilde de teldwang van Sander in het verhaal verwerken omdat het niet alleen voor grappige situaties zorgt maar ook relevant is voor het verhaal. Zijn aandoening zorgt vaak ook voor een oplossing of ingeving. Bovendien heeft An sowieso interesse voor psychologie dus het was zeker geen opoffering om hier meer over te weten te komen.<\/p>\n<p style=\"text-align: center;\">*<\/p>\n<p style=\"text-align: center;\">Ze vindt recensies soms erg confronterend maar ze leest ze wel altijd.<\/p>\n<p style=\"text-align: center;\">*<\/p>\n<p style=\"text-align: center;\">Er is geen vervolg gepland dus voorlopig krijgt Sander geen eigen boekenserie.<\/p>\n<p style=\"text-align: center;\">*<\/p>\n<p style=\"text-align: center;\">Haar nieuwe boek zal opnieuw in het fantasy-genre thuishoren. Ze mist immers de grootheid van dit genre \u00e9n de passie vermits het haar favoriete genre is.<\/p>\n<p style=\"text-align: center;\">*<\/p>\n<p style=\"text-align: center;\">Deze keer had ze als schrijfster meer inspraak bij het ontwerp van de cover.<\/p>\n<p style=\"text-align: center;\">*<\/p>\n<p style=\"text-align: center;\">Het gedicht dat vooraan het boek staat werd eigenlijk pas aan het einde van het schrijfproces toegevoegd.<\/p>\n<p style=\"text-align: center;\">*<\/p>\n<p style=\"text-align: center;\">An Janssens spendeerde 1,5 jaar tijd enkel aan het schrijfproces. De totale tijdsduur met research, voorbereiding \u00e9n redigeren inbegrepen kon ze niet meteen inschatten.<\/p>\n<p style=\"text-align: left;\"><a href=\"https:\/\/www.zwartraafje.be\/blog\/wp-content\/uploads\/2016\/11\/an-janssens-boekenbeurs-2016.jpg\"><img loading=\"lazy\" decoding=\"async\" class=\"alignleft wp-image-9578 \" src=\"https:\/\/www.zwartraafje.be\/blog\/wp-content\/uploads\/2016\/11\/an-janssens-boekenbeurs-2016.jpg\" alt=\"an-janssens-boekenbeurs-2016\" width=\"347\" height=\"231\" srcset=\"https:\/\/www.zwartraafje.be\/blog\/wp-content\/uploads\/2016\/11\/an-janssens-boekenbeurs-2016.jpg 1000w, https:\/\/www.zwartraafje.be\/blog\/wp-content\/uploads\/2016\/11\/an-janssens-boekenbeurs-2016-300x200.jpg 300w, https:\/\/www.zwartraafje.be\/blog\/wp-content\/uploads\/2016\/11\/an-janssens-boekenbeurs-2016-768x511.jpg 768w\" sizes=\"auto, (max-width: 347px) 100vw, 347px\" \/><\/a>En toen was het tijd voor de signeersessie. Dankzij Jimi (Marcia&#8217;s vriend die even een dagje fotograaf was) hebben we zelfs nog een leuke foto als herinnering. Gelukkig is die wel mooi gelukt \u00e9n mag ik hem van Marcia in deze blogpost verwerken.<\/p>\n<p style=\"text-align: center;\"><strong>Binnenkort laat ik jullie zeker ook weten hoe mijn overige Boekenbeurs-bezoekjes \u00e9n de ontmoeting met Krystal Sutherland zijn verlopen.<\/strong><\/p>\n","protected":false},"excerpt":{"rendered":"<p>Ondertussen is het een traditie geworden om koekjes uit te delen op de Boekenbeurs. Enkele jaren terug begon ik daarmee vermits ik de uitgeverijen met wie ik mocht (en nog steeds mag) samenwerken wilde bedanken. Ik vreesde even dat ik de koekjes niet mee zou mogen nemen vermits er werd aangekondigd dat je geen grote &hellip; <a href=\"https:\/\/www.zwartraafje.be\/blog\/2016\/11\/boekenbeurs-1-an-janssens-koekjes\/\" class=\"more-link\">Lees verder <span class=\"screen-reader-text\">Boekenbeurs #1: An Janssens, koekjes, &#8230;<\/span> <span class=\"meta-nav\">&rarr;<\/span><\/a><\/p>\n","protected":false},"author":1,"featured_media":0,"comment_status":"open","ping_status":"open","sticky":false,"template":"","format":"standard","meta":{"jetpack_post_was_ever_published":false,"_jetpack_newsletter_access":"","_jetpack_dont_email_post_to_subs":false,"_jetpack_newsletter_tier_id":0,"_jetpack_memberships_contains_paywalled_content":false,"_jetpack_memberships_contains_paid_content":false,"footnotes":"","jetpack_publicize_message":"","jetpack_publicize_feature_enabled":true,"jetpack_social_post_already_shared":false,"jetpack_social_options":{"image_generator_settings":{"template":"highway","default_image_id":0,"font":"","enabled":false},"version":2}},"categories":[7],"tags":[1488,98,832,1448,1746,1267],"class_list":["post-9573","post","type-post","status-publish","format-standard","hentry","category-boeken","tag-1488","tag-an-janssens","tag-boekenbeurs","tag-interview","tag-kaat-de-kock","tag-op-stap"],"jetpack_publicize_connections":[],"jetpack_featured_media_url":"","jetpack_sharing_enabled":true,"jetpack_shortlink":"https:\/\/wp.me\/p60yYB-2up","jetpack-related-posts":[{"id":14945,"url":"https:\/\/www.zwartraafje.be\/blog\/2018\/09\/auteurs-die-ik-heb-ontmoet-en-enkele-cadeautjes-die-ik-voor-hen-maakte\/","url_meta":{"origin":9573,"position":0},"title":"Auteurs die ik heb ontmoet \u00e9n enkele cadeautjes die ik voor hen maakte","author":"Zwartraafje","date":"27\/09\/2018","format":false,"excerpt":"Als tiener stond ik in een lange rij aan te schuiven tot Herman Brusselmans mijn paperback van Weg met de literatuur signeerde. Veel meer als 'Hallo' en 'Is Liesbet met of zonder H? hield die ontmoeting\/conversatie niet in. Ook bij Marc de Bel die ik vorig jaar op de Boekenbeurs\u2026","rel":"","context":"In &quot;Persoonlijk&quot;","block_context":{"text":"Persoonlijk","link":"https:\/\/www.zwartraafje.be\/blog\/category\/persoonlijk\/"},"img":{"alt_text":"","src":"https:\/\/i0.wp.com\/www.zwartraafje.be\/blog\/wp-content\/uploads\/2018\/09\/Screen-Shot-2018-09-23-at-15.05.05.jpg?resize=350%2C200&ssl=1","width":350,"height":200,"srcset":"https:\/\/i0.wp.com\/www.zwartraafje.be\/blog\/wp-content\/uploads\/2018\/09\/Screen-Shot-2018-09-23-at-15.05.05.jpg?resize=350%2C200&ssl=1 1x, https:\/\/i0.wp.com\/www.zwartraafje.be\/blog\/wp-content\/uploads\/2018\/09\/Screen-Shot-2018-09-23-at-15.05.05.jpg?resize=525%2C300&ssl=1 1.5x"},"classes":[]},{"id":6076,"url":"https:\/\/www.zwartraafje.be\/blog\/2015\/11\/terugblik-boekenbeurs\/","url_meta":{"origin":9573,"position":1},"title":"Terugblik boekenbeurs","author":"Zwartraafje","date":"11\/11\/2015","format":false,"excerpt":"Het leek me leuk om na de Boekenbeurs eventjes terug te blikken. Dit jaar ging ik namelijk niet \u00e9\u00e9n maar drie keer naar het Walhalla der Boekenwormen. Blijkbaar word ik ieder jaar iets meer gebeten door het Booknerd-virus. In 2013 ging ik namelijk \u00e9\u00e9n keer naar de beurs, vorig jaar\u2026","rel":"","context":"In &quot;Boeken&quot;","block_context":{"text":"Boeken","link":"https:\/\/www.zwartraafje.be\/blog\/category\/boeken\/"},"img":{"alt_text":"","src":"https:\/\/i0.wp.com\/www.zwartraafje.be\/blog\/wp-content\/uploads\/2015\/11\/20151107_143153.jpg?resize=350%2C200&ssl=1","width":350,"height":200,"srcset":"https:\/\/i0.wp.com\/www.zwartraafje.be\/blog\/wp-content\/uploads\/2015\/11\/20151107_143153.jpg?resize=350%2C200&ssl=1 1x, https:\/\/i0.wp.com\/www.zwartraafje.be\/blog\/wp-content\/uploads\/2015\/11\/20151107_143153.jpg?resize=525%2C300&ssl=1 1.5x"},"classes":[]},{"id":9608,"url":"https:\/\/www.zwartraafje.be\/blog\/2016\/11\/ya-convention-op-de-boekenbeurs\/","url_meta":{"origin":9573,"position":2},"title":"YA Convention op de Boekenbeurs","author":"Zwartraafje","date":"06\/11\/2016","format":false,"excerpt":"Zaterdag 5 november was het zover. Die dag stond er een YA Convention op de Boekenbeurs-planning. Eigenlijk leek vrijwel de hele week \u00e9\u00e9n groot Boek-evenement. Zo ontmoette ik dinsdag Marcia voor de allereerste keer \u00e9n ging ik kijk naar haar interview met An Janssens. Woensdag kreeg ik dan weer de\u2026","rel":"","context":"In &quot;Boeken&quot;","block_context":{"text":"Boeken","link":"https:\/\/www.zwartraafje.be\/blog\/category\/boeken\/"},"img":{"alt_text":"","src":"https:\/\/i0.wp.com\/www.zwartraafje.be\/blog\/wp-content\/uploads\/2016\/11\/Liesbet-4.jpg?resize=350%2C200&ssl=1","width":350,"height":200,"srcset":"https:\/\/i0.wp.com\/www.zwartraafje.be\/blog\/wp-content\/uploads\/2016\/11\/Liesbet-4.jpg?resize=350%2C200&ssl=1 1x, https:\/\/i0.wp.com\/www.zwartraafje.be\/blog\/wp-content\/uploads\/2016\/11\/Liesbet-4.jpg?resize=525%2C300&ssl=1 1.5x, https:\/\/i0.wp.com\/www.zwartraafje.be\/blog\/wp-content\/uploads\/2016\/11\/Liesbet-4.jpg?resize=700%2C400&ssl=1 2x"},"classes":[]},{"id":12474,"url":"https:\/\/www.zwartraafje.be\/blog\/2017\/11\/terugblik-boekenbeurs-2\/","url_meta":{"origin":9573,"position":3},"title":"Terugblik Boekenbeurs #2","author":"Zwartraafje","date":"14\/11\/2017","format":false,"excerpt":"Nog een tweede Boekenbeurs verslag? Ja hoor, dat zie je goed. Ondanks de vorige twee bezoekjes had ik nog steeds niet alle standen gedetailleerd kunnen bekijken. Een derde bezoekje leek me dan ook absoluut noodzakelijk. Lang leve de gekregen \u00e9n gewonnen tickets. Bovendien moest ik ook nog aan mijn jaarlijkse\u2026","rel":"","context":"In &quot;Boeken&quot;","block_context":{"text":"Boeken","link":"https:\/\/www.zwartraafje.be\/blog\/category\/boeken\/"},"img":{"alt_text":"","src":"https:\/\/i0.wp.com\/www.zwartraafje.be\/blog\/wp-content\/uploads\/2017\/11\/20171110_100431-e1510319766276.jpg?resize=350%2C200&ssl=1","width":350,"height":200},"classes":[]},{"id":6725,"url":"https:\/\/www.zwartraafje.be\/blog\/2016\/02\/eigen-kweek\/","url_meta":{"origin":9573,"position":4},"title":"Eigen kweek","author":"Zwartraafje","date":"07\/02\/2016","format":false,"excerpt":"Ik heb geen plannen om het bloggerswereldje om te ruilen voor een carri\u00e8re in de landbouw-sector. In de eerste plek is ons tuintje te klein om er een moestuin in aan te leggen en minstens even belangrijk \u2026 ik heb bij mijn weten geen groene handen. De titel slaagt ook\u2026","rel":"","context":"In &quot;Boeken&quot;","block_context":{"text":"Boeken","link":"https:\/\/www.zwartraafje.be\/blog\/category\/boeken\/"},"img":{"alt_text":"","src":"https:\/\/i0.wp.com\/www.zwartraafje.be\/blog\/wp-content\/uploads\/2016\/01\/An-Janssens-2.jpg?resize=350%2C200&ssl=1","width":350,"height":200,"srcset":"https:\/\/i0.wp.com\/www.zwartraafje.be\/blog\/wp-content\/uploads\/2016\/01\/An-Janssens-2.jpg?resize=350%2C200&ssl=1 1x, https:\/\/i0.wp.com\/www.zwartraafje.be\/blog\/wp-content\/uploads\/2016\/01\/An-Janssens-2.jpg?resize=525%2C300&ssl=1 1.5x"},"classes":[]},{"id":15105,"url":"https:\/\/www.zwartraafje.be\/blog\/2018\/10\/boekenbeurs-2018\/","url_meta":{"origin":9573,"position":5},"title":"Boekenbeurs 2018","author":"Zwartraafje","date":"24\/10\/2018","format":false,"excerpt":"Eind deze week is het zover ... dan start de 82ste editie van de Boekenbeurs in Antwerpen en daar kijk ik enorm naar uit. Ik kan dan misschien niet zo goed tegen de drukte maar vind het heerlijk om tussen de boeken rond te snuisteren. Ook dit jaar ben ik\u2026","rel":"","context":"In &quot;Evenement&quot;","block_context":{"text":"Evenement","link":"https:\/\/www.zwartraafje.be\/blog\/category\/evenement\/"},"img":{"alt_text":"","src":"https:\/\/i0.wp.com\/www.zwartraafje.be\/blog\/wp-content\/uploads\/2018\/10\/banner-vierkant-e1539950970606.jpg?resize=350%2C200&ssl=1","width":350,"height":200},"classes":[]}],"jetpack_likes_enabled":true,"_links":{"self":[{"href":"https:\/\/www.zwartraafje.be\/blog\/wp-json\/wp\/v2\/posts\/9573","targetHints":{"allow":["GET"]}}],"collection":[{"href":"https:\/\/www.zwartraafje.be\/blog\/wp-json\/wp\/v2\/posts"}],"about":[{"href":"https:\/\/www.zwartraafje.be\/blog\/wp-json\/wp\/v2\/types\/post"}],"author":[{"embeddable":true,"href":"https:\/\/www.zwartraafje.be\/blog\/wp-json\/wp\/v2\/users\/1"}],"replies":[{"embeddable":true,"href":"https:\/\/www.zwartraafje.be\/blog\/wp-json\/wp\/v2\/comments?post=9573"}],"version-history":[{"count":2,"href":"https:\/\/www.zwartraafje.be\/blog\/wp-json\/wp\/v2\/posts\/9573\/revisions"}],"predecessor-version":[{"id":9581,"href":"https:\/\/www.zwartraafje.be\/blog\/wp-json\/wp\/v2\/posts\/9573\/revisions\/9581"}],"wp:attachment":[{"href":"https:\/\/www.zwartraafje.be\/blog\/wp-json\/wp\/v2\/media?parent=9573"}],"wp:term":[{"taxonomy":"category","embeddable":true,"href":"https:\/\/www.zwartraafje.be\/blog\/wp-json\/wp\/v2\/categories?post=9573"},{"taxonomy":"post_tag","embeddable":true,"href":"https:\/\/www.zwartraafje.be\/blog\/wp-json\/wp\/v2\/tags?post=9573"}],"curies":[{"name":"wp","href":"https:\/\/api.w.org\/{rel}","templated":true}]}}