{"id":7924,"date":"2016-05-28T07:30:24","date_gmt":"2016-05-28T05:30:24","guid":{"rendered":"http:\/\/www.zwartraafje.be\/blog\/?p=7924"},"modified":"2023-07-27T16:03:02","modified_gmt":"2023-07-27T14:03:02","slug":"gedeelde-titels-2","status":"publish","type":"post","link":"https:\/\/www.zwartraafje.be\/blog\/2016\/05\/gedeelde-titels-2\/","title":{"rendered":"Gedeelde titels #2"},"content":{"rendered":"<p><a href=\"https:\/\/www.zwartraafje.be\/blog\/wp-content\/uploads\/2015\/04\/gedeeldetitels.jpeg\"><img loading=\"lazy\" decoding=\"async\" class=\"alignleft wp-image-4301 \" src=\"https:\/\/www.zwartraafje.be\/blog\/wp-content\/uploads\/2015\/04\/gedeeldetitels-1024x1024.jpeg\" alt=\"gedeelde-titels\" width=\"334\" height=\"334\" \/><\/a>Ondertussen is het alweer meer als een jaar geleden sinds <a href=\"https:\/\/www.zwartraafje.be\/blog\/2015\/04\/gedeelde-titels\/\">de eerste Gedeelde titels<\/a> verscheen. Kort daarvoor liep ik net voorbij mijn boekenkast toen een nummer van Claude Fran\u00e7ois gebruikt werd bij een verslag op televisie. Geen flauw idee waarover die documentaire ging vermits ik zelf geen tv aan het zien was, maar het was wel grappig om hem &#8216;Alexandrie, Alexandra&#8217; te horen zingen terwijl ik voorbij Lara Adrian&#8217;s boeken wandelde en daar &#8216;Alexandra&#8217; in het rek zag staan. Plots vroeg ik me af hoeveel van die gedeelde titels er wel niet zouden zijn.<\/p>\n<p><!--more--><\/p>\n<p style=\"text-align: center;\">Het is immers vrijwel onmogelijk om een titel te selecteren die nog niet gebruikt is als song -of filmtitel. Voor alle duidelijkheid er zijn h\u00e9\u00e9l veel van die gedeelde titels. Het leek me een leuk idee om daar later nog enkele van met jullie te delen. Alleen duurde het dus een hele poos vooraleer dat er ook effectief van kwam.<\/p>\n<p style=\"text-align: center;\">Voor alle duidelijkheid dit zijn dus absoluut niet mijn favoriete nummers h\u00e9. Het gaat wel degelijk om de gedeelde titels. Van \u00e9\u00e9n nummer krijg ik zelfs de kriebels en niet op een goede manier. Toch vind ik het leuk om te ontdekken hoe eenzelfde titel soms voor totaal verschillende dingen staat. Een boek, een song \u00e9n soms ook een film.<\/p>\n<p style=\"text-align: center;\"><span style=\"color: #0000ff;\"><strong>Maybe Someday: Colleen Hoover \u2013 The Cure &#8211; Ryan Moulton<br \/>\n<\/strong><\/span><\/p>\n<p style=\"text-align: center;\"><iframe loading=\"lazy\" src=\"https:\/\/www.youtube.com\/embed\/5zcc7DEWRPU\" width=\"420\" height=\"315\" frameborder=\"0\" allowfullscreen=\"allowfullscreen\"><\/iframe><\/p>\n<p><a href=\"https:\/\/www.zwartraafje.be\/blog\/wp-content\/uploads\/2016\/05\/maybesomeday.jpg\"><img loading=\"lazy\" decoding=\"async\" class=\"size-full wp-image-7925 aligncenter\" src=\"https:\/\/www.zwartraafje.be\/blog\/wp-content\/uploads\/2016\/05\/maybesomeday.jpg\" alt=\"maybesomeday\" width=\"182\" height=\"268\" \/><\/a><\/p>\n<p style=\"text-align: center;\"><span style=\"color: #0000ff;\"><strong>Tangled &#8211; Emma Chase \u2013 Maroon 5 &#8211; Disney<\/strong><br \/>\n<\/span><\/p>\n<p style=\"text-align: center;\"><iframe loading=\"lazy\" src=\"https:\/\/www.youtube.com\/embed\/iX_X-KG90YI\" width=\"420\" height=\"315\" frameborder=\"0\" allowfullscreen=\"allowfullscreen\"><\/iframe><\/p>\n<p><a href=\"https:\/\/www.zwartraafje.be\/blog\/wp-content\/uploads\/2016\/05\/tangled.jpg\"><img loading=\"lazy\" decoding=\"async\" class=\"size-medium wp-image-7926 aligncenter\" src=\"https:\/\/www.zwartraafje.be\/blog\/wp-content\/uploads\/2016\/05\/tangled-202x300.jpg\" alt=\"tangled\" width=\"202\" height=\"300\" srcset=\"https:\/\/www.zwartraafje.be\/blog\/wp-content\/uploads\/2016\/05\/tangled-202x300.jpg 202w, https:\/\/www.zwartraafje.be\/blog\/wp-content\/uploads\/2016\/05\/tangled.jpg 300w\" sizes=\"auto, (max-width: 202px) 100vw, 202px\" \/><\/a><\/p>\n<p style=\"text-align: center;\"><strong><span style=\"color: #0000ff;\">Jenna &#8211; Lara Adrian \u2013 Darren Farris<\/span><\/strong><\/p>\n<p style=\"text-align: center;\"><iframe loading=\"lazy\" src=\"https:\/\/www.youtube.com\/embed\/_mV_UFa7tVc\" width=\"420\" height=\"315\" frameborder=\"0\" allowfullscreen=\"allowfullscreen\"><\/iframe><\/p>\n<p style=\"text-align: center;\"><span style=\"color: #0000ff;\"><strong>Eve of Destruction \u2192 Sylvia Day &#8211; Barry McGuire -Reunion Pictures<\/strong><\/span><\/p>\n<p style=\"text-align: center;\"><iframe loading=\"lazy\" src=\"https:\/\/www.youtube.com\/embed\/iVEpIDuBFVU\" width=\"420\" height=\"315\" frameborder=\"0\" allowfullscreen=\"allowfullscreen\"><\/iframe><\/p>\n<p><a href=\"https:\/\/www.zwartraafje.be\/blog\/wp-content\/uploads\/2016\/05\/eveofdestructionminiserie.jpg\"><img loading=\"lazy\" decoding=\"async\" class=\"aligncenter wp-image-7927 size-full\" src=\"https:\/\/www.zwartraafje.be\/blog\/wp-content\/uploads\/2016\/05\/eveofdestructionminiserie.jpg\" alt=\"eveofdestructionminiserie\" width=\"182\" height=\"268\" \/><\/a><\/p>\n<p style=\"text-align: center;\"><strong><span style=\"color: #0000ff;\">What I love about you &#8211; Rachel Gibson \u2013 Logan Mize<\/span><\/strong><\/p>\n<p style=\"text-align: center;\"><iframe loading=\"lazy\" src=\"https:\/\/www.youtube.com\/embed\/0pvrECQ1y4g\" width=\"420\" height=\"315\" frameborder=\"0\" allowfullscreen=\"allowfullscreen\"><\/iframe><\/p>\n<p><span style=\"color: #0000ff;\"><strong>Forever and a Day &#8211; Jill Shalvis \u2013 Lionell Richie &#8211; Katja Von Garnier<br \/>\n<\/strong><\/span><\/p>\n<p style=\"text-align: center;\"><iframe loading=\"lazy\" src=\"https:\/\/www.youtube.com\/embed\/csESh-iAqKQ\" width=\"420\" height=\"315\" frameborder=\"0\" allowfullscreen=\"allowfullscreen\"><\/iframe><\/p>\n<p><a href=\"https:\/\/www.zwartraafje.be\/blog\/wp-content\/uploads\/2016\/05\/foreverandadaydocumentary.jpg\"><img loading=\"lazy\" decoding=\"async\" class=\"size-full wp-image-7928 aligncenter\" src=\"https:\/\/www.zwartraafje.be\/blog\/wp-content\/uploads\/2016\/05\/foreverandadaydocumentary.jpg\" alt=\"foreverandadaydocumentary\" width=\"182\" height=\"268\" \/><\/a><\/p>\n<p style=\"text-align: center;\"><strong><span style=\"color: #0000ff;\">Hals over kop \u2013 Rachel Gibson \u2013 Christoff<\/span><\/strong><\/p>\n<p style=\"text-align: center;\"><iframe loading=\"lazy\" src=\"https:\/\/www.youtube.com\/embed\/MuvxzLOuR38\" width=\"420\" height=\"315\" frameborder=\"0\" allowfullscreen=\"allowfullscreen\"><\/iframe><\/p>\n<p style=\"text-align: center;\"><span style=\"color: #0000ff;\"><strong>The forever song \u2192 Julia Kagawa &amp; Luke Thompson<\/strong><\/span><\/p>\n<p style=\"text-align: center;\"><iframe loading=\"lazy\" src=\"https:\/\/www.youtube.com\/embed\/1CMV1TujkTs\" width=\"420\" height=\"315\" frameborder=\"0\" allowfullscreen=\"allowfullscreen\"><\/iframe><\/p>\n<p style=\"text-align: center;\"><strong><span style=\"color: #0000ff;\">The hero \u2013 Robyn Carr \u2013 Amon Amarth<\/span><\/strong><\/p>\n<p style=\"text-align: center;\"><iframe loading=\"lazy\" src=\"https:\/\/www.youtube.com\/embed\/SM9QhvbTOMU\" width=\"420\" height=\"315\" frameborder=\"0\" allowfullscreen=\"allowfullscreen\"><\/iframe><\/p>\n<p><span style=\"color: #0000ff;\"><strong>The sweetest thing \u2013 Jill Shalvis \u2013 Skunk Anansie &#8211; Roger Kumble<\/strong><\/span><\/p>\n<p style=\"text-align: center;\"><iframe loading=\"lazy\" src=\"https:\/\/www.youtube.com\/embed\/6HMQ_8NF854\" width=\"420\" height=\"315\" frameborder=\"0\" allowfullscreen=\"allowfullscreen\"><\/iframe><\/p>\n<p style=\"text-align: center;\"><a href=\"https:\/\/www.zwartraafje.be\/blog\/wp-content\/uploads\/2016\/05\/thesweetestthing.jpg\"><img loading=\"lazy\" decoding=\"async\" class=\"alignnone size-medium wp-image-7929\" src=\"https:\/\/www.zwartraafje.be\/blog\/wp-content\/uploads\/2016\/05\/thesweetestthing-200x300.jpg\" alt=\"thesweetestthing\" width=\"200\" height=\"300\" srcset=\"https:\/\/www.zwartraafje.be\/blog\/wp-content\/uploads\/2016\/05\/thesweetestthing-200x300.jpg 200w, https:\/\/www.zwartraafje.be\/blog\/wp-content\/uploads\/2016\/05\/thesweetestthing.jpg 387w\" sizes=\"auto, (max-width: 200px) 100vw, 200px\" \/><\/a><\/p>\n<p style=\"text-align: center;\"><em><span style=\"color: #800080;\">De eerste Gedeelde titels werd geopend met Shatter me van Lizzy Hale en Lindsey Stirling. Diezelfde Lindsey ging al enkele samenwerkingen aan met Peter Hollens \u2013 een mede YouTube-ster. De filmpjes en vooral de muziek die ze samen maken vind ik echt prachtig. Hier zijn er alvast enkele \u2026<\/span><\/em><\/p>\n<p style=\"text-align: center;\"><iframe loading=\"lazy\" src=\"https:\/\/www.youtube.com\/embed\/KtQb2axKpuw\" width=\"420\" height=\"315\" frameborder=\"0\" allowfullscreen=\"allowfullscreen\"><\/iframe><\/p>\n<p style=\"text-align: center;\"><iframe loading=\"lazy\" src=\"https:\/\/www.youtube.com\/embed\/rUgAgfO-16s\" width=\"420\" height=\"315\" frameborder=\"0\" allowfullscreen=\"allowfullscreen\"><\/iframe><\/p>\n<p style=\"text-align: center;\"><iframe loading=\"lazy\" src=\"https:\/\/www.youtube.com\/embed\/mgPienNLSyk\" width=\"420\" height=\"315\" frameborder=\"0\" allowfullscreen=\"allowfullscreen\"><\/iframe><\/p>\n","protected":false},"excerpt":{"rendered":"<p>Ondertussen is het alweer meer als een jaar geleden sinds de eerste Gedeelde titels verscheen. Kort daarvoor liep ik net voorbij mijn boekenkast toen een nummer van Claude Fran\u00e7ois gebruikt werd bij een verslag op televisie. Geen flauw idee waarover die documentaire ging vermits ik zelf geen tv aan het zien was, maar het was &hellip; <a href=\"https:\/\/www.zwartraafje.be\/blog\/2016\/05\/gedeelde-titels-2\/\" class=\"more-link\">Lees verder <span class=\"screen-reader-text\">Gedeelde titels #2<\/span> <span class=\"meta-nav\">&rarr;<\/span><\/a><\/p>\n","protected":false},"author":1,"featured_media":0,"comment_status":"open","ping_status":"open","sticky":false,"template":"","format":"standard","meta":{"jetpack_post_was_ever_published":false,"_jetpack_newsletter_access":"","_jetpack_dont_email_post_to_subs":false,"_jetpack_newsletter_tier_id":0,"_jetpack_memberships_contains_paywalled_content":false,"_jetpack_memberships_contains_paid_content":false,"footnotes":"","jetpack_publicize_message":"","jetpack_publicize_feature_enabled":true,"jetpack_social_post_already_shared":false,"jetpack_social_options":{"image_generator_settings":{"template":"highway","default_image_id":0,"font":"","enabled":false},"version":2}},"categories":[2200],"tags":[345,522,493,1216,1308],"class_list":["post-7924","post","type-post","status-publish","format-standard","hentry","category-titels","tag-boeken-2","tag-films","tag-listomania","tag-muziek","tag-titels"],"jetpack_publicize_connections":[],"jetpack_featured_media_url":"","jetpack_sharing_enabled":true,"jetpack_shortlink":"https:\/\/wp.me\/p60yYB-23O","jetpack-related-posts":[{"id":4299,"url":"https:\/\/www.zwartraafje.be\/blog\/2015\/04\/gedeelde-titels\/","url_meta":{"origin":7924,"position":0},"title":"Gedeelde titels","author":"Zwartraafje","date":"08\/04\/2015","format":false,"excerpt":"Een tijdje geleden liep ik net voorbij de boekenkast toen een nummer van Claude Fran\u00e7ois gebruikt werd bij een verslag op televisie. Geen flauw idee waarover die documentaire ging vermits ik zelf geen tv aan het zien was, maar het was wel grappig om hem 'Alexandrie, Alexandra' te horen zingen\u2026","rel":"","context":"In &quot;Listomania&quot;","block_context":{"text":"Listomania","link":"https:\/\/www.zwartraafje.be\/blog\/category\/listomania-2\/"},"img":{"alt_text":"gedeelde-titels","src":"https:\/\/i0.wp.com\/www.zwartraafje.be\/blog\/wp-content\/uploads\/2015\/04\/gedeeldetitels-1024x1024.jpeg?resize=350%2C200&ssl=1","width":350,"height":200},"classes":[]},{"id":6776,"url":"https:\/\/www.zwartraafje.be\/blog\/2016\/02\/2015-favoriete-blogposts\/","url_meta":{"origin":7924,"position":1},"title":"2015: Favoriete blogposts","author":"Zwartraafje","date":"03\/02\/2016","format":false,"excerpt":"Het einde komt in zicht hoor. Ik ga heus niet het hele jaar doorblikken naar het afgelopen jaar. Dat zou een beetje gek zijn. Toch? Na Boekenjaar in cijfers, Ontdekkingen van 2015, Blogjaar in cijfers, favoriete romantische boeken van 2015, favoriete lijstjes \u00e9n mooiste covers van 2015 zijn nu enkele\u2026","rel":"","context":"In &quot;Listomania&quot;","block_context":{"text":"Listomania","link":"https:\/\/www.zwartraafje.be\/blog\/category\/listomania-2\/"},"img":{"alt_text":"2015inlijstjes","src":"https:\/\/i0.wp.com\/www.zwartraafje.be\/blog\/wp-content\/uploads\/2015\/12\/2015inlijstjes.jpeg?resize=350%2C200&ssl=1","width":350,"height":200},"classes":[]},{"id":13419,"url":"https:\/\/www.zwartraafje.be\/blog\/2018\/03\/tegenstellingen-3\/","url_meta":{"origin":7924,"position":2},"title":"Tegenstellingen #3","author":"Zwartraafje","date":"10\/03\/2018","format":false,"excerpt":"Wanneer je zoals ik zowel van lijstjes als boeken houdt is het niet meer als vanzelfsprekend dat je beide samenvoegt tot een geheel ... boekenlijstjes. De ene keer baseer ik me op de cover en deel ik hier bijvoorbeeld een Raaf in de Spotlight-lijstje of een lijst met allemaal collages\u2026","rel":"","context":"In &quot;Titels&quot;","block_context":{"text":"Titels","link":"https:\/\/www.zwartraafje.be\/blog\/category\/titels\/"},"img":{"alt_text":"","src":"https:\/\/i0.wp.com\/www.zwartraafje.be\/blog\/wp-content\/uploads\/2018\/02\/Screen-Shot-2017-10-12-at-11.32.30-e1519465535620.png?resize=350%2C200&ssl=1","width":350,"height":200,"srcset":"https:\/\/i0.wp.com\/www.zwartraafje.be\/blog\/wp-content\/uploads\/2018\/02\/Screen-Shot-2017-10-12-at-11.32.30-e1519465535620.png?resize=350%2C200&ssl=1 1x, https:\/\/i0.wp.com\/www.zwartraafje.be\/blog\/wp-content\/uploads\/2018\/02\/Screen-Shot-2017-10-12-at-11.32.30-e1519465535620.png?resize=525%2C300&ssl=1 1.5x, https:\/\/i0.wp.com\/www.zwartraafje.be\/blog\/wp-content\/uploads\/2018\/02\/Screen-Shot-2017-10-12-at-11.32.30-e1519465535620.png?resize=700%2C400&ssl=1 2x"},"classes":[]},{"id":14410,"url":"https:\/\/www.zwartraafje.be\/blog\/2018\/07\/tegenstellingen-4\/","url_meta":{"origin":7924,"position":3},"title":"Tegenstellingen #4","author":"Zwartraafje","date":"18\/07\/2018","format":false,"excerpt":"Wanneer je zoals ik zowel van lijstjes als boeken houdt is het niet meer als vanzelfsprekend dat je beide samenvoegt tot een geheel ... boekenlijstjes. De ene keer baseer ik me op de cover en deel ik hier bijvoorbeeld een Raaf in de Spotlight-lijstje of een lijst met allemaal collages\u2026","rel":"","context":"In &quot;Titels&quot;","block_context":{"text":"Titels","link":"https:\/\/www.zwartraafje.be\/blog\/category\/titels\/"},"img":{"alt_text":"","src":"https:\/\/i0.wp.com\/www.zwartraafje.be\/blog\/wp-content\/uploads\/2018\/07\/Screen-Shot-2018-02-24-at-10.20.56.jpg?resize=350%2C200&ssl=1","width":350,"height":200,"srcset":"https:\/\/i0.wp.com\/www.zwartraafje.be\/blog\/wp-content\/uploads\/2018\/07\/Screen-Shot-2018-02-24-at-10.20.56.jpg?resize=350%2C200&ssl=1 1x, https:\/\/i0.wp.com\/www.zwartraafje.be\/blog\/wp-content\/uploads\/2018\/07\/Screen-Shot-2018-02-24-at-10.20.56.jpg?resize=525%2C300&ssl=1 1.5x, https:\/\/i0.wp.com\/www.zwartraafje.be\/blog\/wp-content\/uploads\/2018\/07\/Screen-Shot-2018-02-24-at-10.20.56.jpg?resize=700%2C400&ssl=1 2x"},"classes":[]},{"id":19803,"url":"https:\/\/www.zwartraafje.be\/blog\/2021\/08\/steeds-een-tikkeltje-meer-8\/","url_meta":{"origin":7924,"position":4},"title":"Steeds een tikkeltje meer #8","author":"Zwartraafje","date":"15\/08\/2021","format":false,"excerpt":"\u2018Dit weekend heb ik nog eens goed kunnen doorlezen zodat mijn Goodreads-challenge weer 3 boeken dichterbij komt\u2018 \u2026 \u2018Zo weinig, ik heb er 6 gelezen\u2018. Of \u2026 \u2018Ik ben opnieuw met de Start to Run begonnen (voor alle duidelijk \u2013 dit is een fictief voorbeeld h\u00e9) en hoop binnenkort terug\u2026","rel":"","context":"In &quot;Titels&quot;","block_context":{"text":"Titels","link":"https:\/\/www.zwartraafje.be\/blog\/category\/titels\/"},"img":{"alt_text":"","src":"https:\/\/i0.wp.com\/www.zwartraafje.be\/blog\/wp-content\/uploads\/2021\/08\/tikkeltje-8n-e1628601824965.jpg?resize=350%2C200&ssl=1","width":350,"height":200},"classes":[]},{"id":18312,"url":"https:\/\/www.zwartraafje.be\/blog\/2020\/05\/tegenstellingen-6\/","url_meta":{"origin":7924,"position":5},"title":"Tegenstellingen #6","author":"Zwartraafje","date":"27\/05\/2020","format":false,"excerpt":"Wanneer je zoals ik zowel van lijstjes als boeken houdt is het niet meer als vanzelfsprekend dat je beide samenvoegt tot een geheel ... boekenlijstjes. De ene keer baseer ik me op de cover en deel ik hier bijvoorbeeld een Raaf in de Spotlight-lijstje of een lijst met allemaal collages\u2026","rel":"","context":"In &quot;Titels&quot;","block_context":{"text":"Titels","link":"https:\/\/www.zwartraafje.be\/blog\/category\/titels\/"},"img":{"alt_text":"","src":"https:\/\/i0.wp.com\/www.zwartraafje.be\/blog\/wp-content\/uploads\/2020\/05\/tegenstellingen-3-e1590157905900.jpg?resize=350%2C200&ssl=1","width":350,"height":200,"srcset":"https:\/\/i0.wp.com\/www.zwartraafje.be\/blog\/wp-content\/uploads\/2020\/05\/tegenstellingen-3-e1590157905900.jpg?resize=350%2C200&ssl=1 1x, https:\/\/i0.wp.com\/www.zwartraafje.be\/blog\/wp-content\/uploads\/2020\/05\/tegenstellingen-3-e1590157905900.jpg?resize=525%2C300&ssl=1 1.5x"},"classes":[]}],"jetpack_likes_enabled":true,"_links":{"self":[{"href":"https:\/\/www.zwartraafje.be\/blog\/wp-json\/wp\/v2\/posts\/7924","targetHints":{"allow":["GET"]}}],"collection":[{"href":"https:\/\/www.zwartraafje.be\/blog\/wp-json\/wp\/v2\/posts"}],"about":[{"href":"https:\/\/www.zwartraafje.be\/blog\/wp-json\/wp\/v2\/types\/post"}],"author":[{"embeddable":true,"href":"https:\/\/www.zwartraafje.be\/blog\/wp-json\/wp\/v2\/users\/1"}],"replies":[{"embeddable":true,"href":"https:\/\/www.zwartraafje.be\/blog\/wp-json\/wp\/v2\/comments?post=7924"}],"version-history":[{"count":2,"href":"https:\/\/www.zwartraafje.be\/blog\/wp-json\/wp\/v2\/posts\/7924\/revisions"}],"predecessor-version":[{"id":7931,"href":"https:\/\/www.zwartraafje.be\/blog\/wp-json\/wp\/v2\/posts\/7924\/revisions\/7931"}],"wp:attachment":[{"href":"https:\/\/www.zwartraafje.be\/blog\/wp-json\/wp\/v2\/media?parent=7924"}],"wp:term":[{"taxonomy":"category","embeddable":true,"href":"https:\/\/www.zwartraafje.be\/blog\/wp-json\/wp\/v2\/categories?post=7924"},{"taxonomy":"post_tag","embeddable":true,"href":"https:\/\/www.zwartraafje.be\/blog\/wp-json\/wp\/v2\/tags?post=7924"}],"curies":[{"name":"wp","href":"https:\/\/api.w.org\/{rel}","templated":true}]}}