{"id":7029,"date":"2016-03-03T07:30:39","date_gmt":"2016-03-03T06:30:39","guid":{"rendered":"http:\/\/www.zwartraafje.be\/blog\/?p=7029"},"modified":"2016-05-22T13:29:15","modified_gmt":"2016-05-22T11:29:15","slug":"getest-en-goedgekeurd-3","status":"publish","type":"post","link":"https:\/\/www.zwartraafje.be\/blog\/2016\/03\/getest-en-goedgekeurd-3\/","title":{"rendered":"Getest en goedgekeurd #3"},"content":{"rendered":"<p><a href=\"https:\/\/www.zwartraafje.be\/blog\/wp-content\/uploads\/2015\/03\/getestengoedgekeurd.jpeg\" rel=\"attachment wp-att-4137\"><img loading=\"lazy\" decoding=\"async\" class=\"alignleft wp-image-4137 \" src=\"https:\/\/www.zwartraafje.be\/blog\/wp-content\/uploads\/2015\/03\/getestengoedgekeurd.jpeg\" alt=\"getest-en-goedgekeurd\" width=\"346\" height=\"346\" srcset=\"https:\/\/www.zwartraafje.be\/blog\/wp-content\/uploads\/2015\/03\/getestengoedgekeurd.jpeg 553w, https:\/\/www.zwartraafje.be\/blog\/wp-content\/uploads\/2015\/03\/getestengoedgekeurd-150x150.jpeg 150w, https:\/\/www.zwartraafje.be\/blog\/wp-content\/uploads\/2015\/03\/getestengoedgekeurd-300x300.jpeg 300w\" sizes=\"auto, (max-width: 346px) 100vw, 346px\" \/><\/a>Jullie weten ondertussen al dat de voor kookboeken gereserveerde planken in mijn boekenkasten, lichtjes doorbuigen onder het gewicht. Die boeken staan daar echter niet zomaar stof te trekken \u00e9n het draagvermogen van een Billy-kast te tergen. Aan het herlezen van mijn favoriete fictieboeken kom ik jammer genoeg niet toe, maar het merendeel van mijn kookboeken wordt regelmatig uit de kast gehaald. De ene keer om er rustig in te bladeren \u00e9n inspiratie op te doen, maar misschien wel vaker om meteen \u00e9\u00e9n van mijn favoriete recepten op te zoeken.<\/p>\n<p><!--more--><\/p>\n<p>Ook andere non-fictie boeken, voornamelijk creatieve exemplaren, zorgen regelmatig voor inspiratie. In deze rubriek krijg je dan ook een aantal boeken te zien \u00e9n datgene wat ik er uit maakte.<\/p>\n<p>Oh ja, ondanks het grote aantal kookboeken maak ik ook regelmatig recepten klaar uit reclamebladen of online kookboeken zoals bijvoorbeeld die van Albert Heijn, Smulweb, \u2026 Ook die zullen hier aan bod komen wanneer ze zowel getest ALS goedgekeurd werden.<\/p>\n<p><a href=\"https:\/\/www.zwartraafje.be\/blog\/wp-content\/uploads\/2016\/02\/gevuldespeculaasalbertheijn.jpeg\" rel=\"attachment wp-att-7030\"><img loading=\"lazy\" decoding=\"async\" class=\"aligncenter wp-image-7030 \" src=\"https:\/\/www.zwartraafje.be\/blog\/wp-content\/uploads\/2016\/02\/gevuldespeculaasalbertheijn.jpeg\" alt=\"geg-gevuldespeculaasalbertheijn\" width=\"456\" height=\"203\" srcset=\"https:\/\/www.zwartraafje.be\/blog\/wp-content\/uploads\/2016\/02\/gevuldespeculaasalbertheijn.jpeg 700w, https:\/\/www.zwartraafje.be\/blog\/wp-content\/uploads\/2016\/02\/gevuldespeculaasalbertheijn-300x134.jpeg 300w\" sizes=\"auto, (max-width: 456px) 100vw, 456px\" \/><\/a><\/p>\n<p style=\"text-align: center;\">Deze lekkere <a href=\"http:\/\/www.ah.be\/allerhande\/recept\/R-R861124\/gevulde-speculaas-met-amandelmijter\">gevulde speculaas<\/a> maakte ik ondertussen al enkele keren klaar. Gelukkig stond er bij het recept niet bij dat je het enkel tijdens de Sint-periode mag klaarmaken.<\/p>\n<p style=\"text-align: center;\"><a href=\"https:\/\/www.zwartraafje.be\/blog\/wp-content\/uploads\/2016\/02\/chocolatefudgejuliettesbakboek.jpeg\" rel=\"attachment wp-att-7031\"><img loading=\"lazy\" decoding=\"async\" class=\"aligncenter wp-image-7031 \" src=\"https:\/\/www.zwartraafje.be\/blog\/wp-content\/uploads\/2016\/02\/chocolatefudgejuliettesbakboek.jpeg\" alt=\"chocolatefudgejuliettesbakboek\" width=\"446\" height=\"257\" srcset=\"https:\/\/www.zwartraafje.be\/blog\/wp-content\/uploads\/2016\/02\/chocolatefudgejuliettesbakboek.jpeg 700w, https:\/\/www.zwartraafje.be\/blog\/wp-content\/uploads\/2016\/02\/chocolatefudgejuliettesbakboek-300x173.jpeg 300w\" sizes=\"auto, (max-width: 446px) 100vw, 446px\" \/><\/a><br \/>\nNu ben ik zelf doorgaans geen fan van fudge. Zoals je op de foto kan zien is het een erg plakkerige bedoening. Deze chocoladefudge\u00a0 die ik maakte naar het recept uit Julie&#8217;s bakboek was echter wel lekker. Ik heb hem dan ook snel uitgedeeld nadat hij was afgekoeld.<\/p>\n<p style=\"text-align: center;\"><a href=\"https:\/\/www.zwartraafje.be\/blog\/wp-content\/uploads\/2016\/02\/20150327_194200.jpg\" rel=\"attachment wp-att-7032\"><img loading=\"lazy\" decoding=\"async\" class=\"aligncenter wp-image-7032 \" src=\"https:\/\/www.zwartraafje.be\/blog\/wp-content\/uploads\/2016\/02\/20150327_194200.jpg\" alt=\"geg-kabeljauwmetpestopuree\" width=\"450\" height=\"338\" srcset=\"https:\/\/www.zwartraafje.be\/blog\/wp-content\/uploads\/2016\/02\/20150327_194200.jpg 500w, https:\/\/www.zwartraafje.be\/blog\/wp-content\/uploads\/2016\/02\/20150327_194200-300x225.jpg 300w\" sizes=\"auto, (max-width: 450px) 100vw, 450px\" \/><\/a><br \/>\nDeze foto ziet er jammer genoeg niet zo geweldig uit. De kabeljauw en de puree met zelfgemaakte rucolapesto was errrrg lekker. Onlangs maakte ik hem ook is een keertje met zalm klaar en ook die combinatie heeft gesmaakt. Het recept zelf komt uit een Carrefour-folder maar je kan het normaal ook <a href=\"http:\/\/simplyyou.carrefour.eu\/magazine\/SY_Car03_15_NL\/assets\/common\/downloads\/publication.pdf pg.12\">online terugvinden<\/a>. De salade van rucola, zongedroogde tomaten en pijnboompitten hoort er echt wel bij.<\/p>\n<p style=\"text-align: center;\"><a href=\"https:\/\/www.zwartraafje.be\/blog\/wp-content\/uploads\/2016\/02\/apresskitraybakerudolphkookt2.jpeg\" rel=\"attachment wp-att-7033\"><img loading=\"lazy\" decoding=\"async\" class=\"aligncenter wp-image-7033 \" src=\"https:\/\/www.zwartraafje.be\/blog\/wp-content\/uploads\/2016\/02\/apresskitraybakerudolphkookt2.jpeg\" alt=\"apresskitraybakerudolphkookt2\" width=\"455\" height=\"244\" srcset=\"https:\/\/www.zwartraafje.be\/blog\/wp-content\/uploads\/2016\/02\/apresskitraybakerudolphkookt2.jpeg 700w, https:\/\/www.zwartraafje.be\/blog\/wp-content\/uploads\/2016\/02\/apresskitraybakerudolphkookt2-300x161.jpeg 300w\" sizes=\"auto, (max-width: 455px) 100vw, 455px\" \/><\/a><\/p>\n<p style=\"text-align: center;\">De traybake&#8217;s uit <a href=\"https:\/\/www.zwartraafje.be\/blog\/2015\/05\/rudolph-kookt-2-rudolph-van-veen\/\">Rudolph kookt 2 <\/a>zijn echt wel handig. Amper afwas, amper werk en vervolgens volop genieten. Deze Apr\u00e8s-Ski traybake verscheen al tweemaal op tafel.<\/p>\n<p style=\"text-align: center;\"><a href=\"https:\/\/www.zwartraafje.be\/blog\/wp-content\/uploads\/2016\/02\/mangodrumsticks.jpeg\" rel=\"attachment wp-att-7034\"><img loading=\"lazy\" decoding=\"async\" class=\"alignnone wp-image-7034 \" src=\"https:\/\/www.zwartraafje.be\/blog\/wp-content\/uploads\/2016\/02\/mangodrumsticks.jpeg\" alt=\"mangodrumsticks\" width=\"463\" height=\"264\" srcset=\"https:\/\/www.zwartraafje.be\/blog\/wp-content\/uploads\/2016\/02\/mangodrumsticks.jpeg 700w, https:\/\/www.zwartraafje.be\/blog\/wp-content\/uploads\/2016\/02\/mangodrumsticks-300x171.jpeg 300w\" sizes=\"auto, (max-width: 463px) 100vw, 463px\" \/><\/a><\/p>\n<p style=\"text-align: center;\">Ook de Mango Drumsticks uit het zelfde kookboek waren smakelijk. Al zie ik me dit recept minder frequent klaarmaken, het lijkt me eerder iets voor af en toe.<\/p>\n<p style=\"text-align: center;\"><a href=\"https:\/\/www.zwartraafje.be\/blog\/wp-content\/uploads\/2016\/02\/wittechocoladekaastaartframbozen.jpeg\" rel=\"attachment wp-att-7035\"><img loading=\"lazy\" decoding=\"async\" class=\"alignnone wp-image-7035 \" src=\"https:\/\/www.zwartraafje.be\/blog\/wp-content\/uploads\/2016\/02\/wittechocoladekaastaartframbozen.jpeg\" alt=\"wittechocoladekaastaartframbozen\" width=\"464\" height=\"240\" srcset=\"https:\/\/www.zwartraafje.be\/blog\/wp-content\/uploads\/2016\/02\/wittechocoladekaastaartframbozen.jpeg 700w, https:\/\/www.zwartraafje.be\/blog\/wp-content\/uploads\/2016\/02\/wittechocoladekaastaartframbozen-300x155.jpeg 300w\" sizes=\"auto, (max-width: 464px) 100vw, 464px\" \/><\/a><\/p>\n<p style=\"text-align: center;\">Een tijdje terug maakte ik voor een verjaardagfeestje deze Witte Chocoladekaastaart met frambozen. Het recept vond ik in dit dunne boekje dat ik jaren geleden op het Boekenfestijn kocht. Zie je wel dat die boekjes ooit is een keer van pas komen. \ud83d\ude09<\/p>\n<p style=\"text-align: center;\"><a href=\"https:\/\/www.zwartraafje.be\/blog\/wp-content\/uploads\/2016\/02\/redvelvetcupkoekjes.jpeg\" rel=\"attachment wp-att-7036\"><img loading=\"lazy\" decoding=\"async\" class=\"aligncenter wp-image-7036 \" src=\"https:\/\/www.zwartraafje.be\/blog\/wp-content\/uploads\/2016\/02\/redvelvetcupkoekjes.jpeg\" alt=\"redvelvetcupkoekjes\" width=\"461\" height=\"212\" srcset=\"https:\/\/www.zwartraafje.be\/blog\/wp-content\/uploads\/2016\/02\/redvelvetcupkoekjes.jpeg 700w, https:\/\/www.zwartraafje.be\/blog\/wp-content\/uploads\/2016\/02\/redvelvetcupkoekjes-300x138.jpeg 300w\" sizes=\"auto, (max-width: 461px) 100vw, 461px\" \/><\/a><\/p>\n<p style=\"text-align: center;\">Deze koekjes ontdekte ik toen ik<a href=\"https:\/\/www.zwartraafje.be\/blog\/2015\/08\/top-with-cinnamon-izy-hossack\/\"> &#8216;Top with cinnamon&#8217; <\/a>mocht recenseren. De Red Velvet cake kende ik al, maar in koekjesvorm had ik me nog niet aan deze klassieker gewaagd. Ook hier was heel wat kleurstof nodig om de mooie rode kleur te bekomen. De koekjes zelf waren uiteraard het lekkerst m\u00e9t roomkaasglazuur.<\/p>\n<p style=\"text-align: center;\"><a href=\"https:\/\/www.zwartraafje.be\/blog\/wp-content\/uploads\/2016\/02\/dagelijksekost1.jpeg\" rel=\"attachment wp-att-7037\"><img loading=\"lazy\" decoding=\"async\" class=\"alignnone wp-image-7037 \" src=\"https:\/\/www.zwartraafje.be\/blog\/wp-content\/uploads\/2016\/02\/dagelijksekost1.jpeg\" alt=\"dagelijksekost1\" width=\"454\" height=\"256\" srcset=\"https:\/\/www.zwartraafje.be\/blog\/wp-content\/uploads\/2016\/02\/dagelijksekost1.jpeg 700w, https:\/\/www.zwartraafje.be\/blog\/wp-content\/uploads\/2016\/02\/dagelijksekost1-300x169.jpeg 300w\" sizes=\"auto, (max-width: 454px) 100vw, 454px\" \/><\/a><\/p>\n<p style=\"text-align: center;\">Toen ik de Dagelijkse Kost-boeken van Jeroen Meus had aangekocht ging ik al snel aan de slag met enkele van zijn recepten. Zowel de Fruitsalade van peer met sabayon en (amandel)crumble (Dagelijkse Kost 1) als de Pasta al Forno met balletjes en mozzarella en Wok met rundvlees en groenten (beiden uit Dagelijkse Kost 2) werden getest \u00e9n uiteraard ook goedgekeurd.<\/p>\n<p style=\"text-align: center;\"><a href=\"https:\/\/www.zwartraafje.be\/blog\/wp-content\/uploads\/2016\/02\/defantastischetas.jpg\" rel=\"attachment wp-att-7038\"><img loading=\"lazy\" decoding=\"async\" class=\"alignnone wp-image-7038 \" src=\"https:\/\/www.zwartraafje.be\/blog\/wp-content\/uploads\/2016\/02\/defantastischetas.jpg\" alt=\"defantastischetas\" width=\"367\" height=\"489\" srcset=\"https:\/\/www.zwartraafje.be\/blog\/wp-content\/uploads\/2016\/02\/defantastischetas.jpg 375w, https:\/\/www.zwartraafje.be\/blog\/wp-content\/uploads\/2016\/02\/defantastischetas-225x300.jpg 225w\" sizes=\"auto, (max-width: 367px) 100vw, 367px\" \/><\/a><\/p>\n<p style=\"text-align: center;\">Ook <a href=\"https:\/\/www.zwartraafje.be\/blog\/2015\/10\/de-fantastische-tas-helen-angharad-henley\/\">De fantastische tas<\/a> mocht ik een tijdje terug recenseren. Best wel spannend om zelf een keer een handtas te maken. Het leukste was toch wel dat de tassen vrij basic zijn waardoor je goed kan vari\u00ebren.<\/p>\n<p style=\"text-align: center;\"><a href=\"https:\/\/www.zwartraafje.be\/blog\/wp-content\/uploads\/2015\/10\/20151025_180246.jpg\" rel=\"attachment wp-att-5942\"><img loading=\"lazy\" decoding=\"async\" class=\"alignnone wp-image-5942 \" src=\"https:\/\/www.zwartraafje.be\/blog\/wp-content\/uploads\/2015\/10\/20151025_180246.jpg\" alt=\"superpasta-in-1-pan-getest\" width=\"414\" height=\"310\" srcset=\"https:\/\/www.zwartraafje.be\/blog\/wp-content\/uploads\/2015\/10\/20151025_180246.jpg 500w, https:\/\/www.zwartraafje.be\/blog\/wp-content\/uploads\/2015\/10\/20151025_180246-300x225.jpg 300w\" sizes=\"auto, (max-width: 414px) 100vw, 414px\" \/><\/a><\/p>\n<p style=\"text-align: center;\">Toen ik <a href=\"https:\/\/www.zwartraafje.be\/blog\/2015\/11\/superpasta-in-1-pan-sabrina-fauda-role\/\">Superpasta in \u00e9\u00e9n pan<\/a> in handen kreeg leek het een vreemd idee om alle ingredi\u00ebnten samen in een kookpot te doen en enkele minuten later een smakelijke pasta te serveren. Toch leek het te werken \u00e9n dit gerecht had veel meer smaak dan ik had verwacht.<\/p>\n<p style=\"text-align: center;\"><a href=\"https:\/\/www.zwartraafje.be\/blog\/wp-content\/uploads\/2016\/02\/allemaalrokjes1.jpeg\" rel=\"attachment wp-att-7039\"><img loading=\"lazy\" decoding=\"async\" class=\"alignnone wp-image-7039 \" src=\"https:\/\/www.zwartraafje.be\/blog\/wp-content\/uploads\/2016\/02\/allemaalrokjes1.jpeg\" alt=\"allemaalrokjes1\" width=\"441\" height=\"240\" srcset=\"https:\/\/www.zwartraafje.be\/blog\/wp-content\/uploads\/2016\/02\/allemaalrokjes1.jpeg 700w, https:\/\/www.zwartraafje.be\/blog\/wp-content\/uploads\/2016\/02\/allemaalrokjes1-300x163.jpeg 300w\" sizes=\"auto, (max-width: 441px) 100vw, 441px\" \/><\/a><\/p>\n<p style=\"text-align: center;\">Het allereerste rokje dat ik maakte kwam uit het boek &#8216;Allemaal rokjes&#8217;. Ook bij mijn tweede rokje was dat het geval, maar dat zagen jullie al in een eerdere Getest en goedgekeurd langskomen.<\/p>\n","protected":false},"excerpt":{"rendered":"<p>Jullie weten ondertussen al dat de voor kookboeken gereserveerde planken in mijn boekenkasten, lichtjes doorbuigen onder het gewicht. Die boeken staan daar echter niet zomaar stof te trekken \u00e9n het draagvermogen van een Billy-kast te tergen. Aan het herlezen van mijn favoriete fictieboeken kom ik jammer genoeg niet toe, maar het merendeel van mijn kookboeken &hellip; <a href=\"https:\/\/www.zwartraafje.be\/blog\/2016\/03\/getest-en-goedgekeurd-3\/\" class=\"more-link\">Lees verder <span class=\"screen-reader-text\">Getest en goedgekeurd #3<\/span> <span class=\"meta-nav\">&rarr;<\/span><\/a><\/p>\n","protected":false},"author":1,"featured_media":0,"comment_status":"open","ping_status":"open","sticky":false,"template":"","format":"standard","meta":{"jetpack_post_was_ever_published":false,"_jetpack_newsletter_access":"","_jetpack_dont_email_post_to_subs":false,"_jetpack_newsletter_tier_id":0,"_jetpack_memberships_contains_paywalled_content":false,"_jetpack_memberships_contains_paid_content":false,"footnotes":"","jetpack_publicize_message":"","jetpack_publicize_feature_enabled":true,"jetpack_social_post_already_shared":false,"jetpack_social_options":{"image_generator_settings":{"template":"highway","default_image_id":0,"font":"","enabled":false},"version":2}},"categories":[7,3],"tags":[345,1070,1227,435,9],"class_list":["post-7029","post","type-post","status-publish","format-standard","hentry","category-boeken","category-diy","tag-boeken-2","tag-creatief","tag-culinair","tag-favorieten","tag-kookboeken"],"jetpack_publicize_connections":[],"jetpack_featured_media_url":"","jetpack_sharing_enabled":true,"jetpack_shortlink":"https:\/\/wp.me\/p60yYB-1Pn","jetpack-related-posts":[{"id":5636,"url":"https:\/\/www.zwartraafje.be\/blog\/2015\/09\/getest-en-goedgekeurd-2\/","url_meta":{"origin":7029,"position":0},"title":"Getest en goedgekeurd #2","author":"Zwartraafje","date":"26\/09\/2015","format":false,"excerpt":"Jullie weten ondertussen al dat de voor kookboeken gereserveerde planken in mijn boekenkasten, lichtjes doorbuigen onder het gewicht. Die boeken staan daar echter niet zomaar stof te trekken \u00e9n het draagvermogen van een Billy-kast te tergen. Aan het herlezen van mijn favoriete fictieboeken kom ik jammer genoeg niet toe, maar\u2026","rel":"","context":"In &quot;Boeken&quot;","block_context":{"text":"Boeken","link":"https:\/\/www.zwartraafje.be\/blog\/category\/boeken\/"},"img":{"alt_text":"","src":"https:\/\/i0.wp.com\/www.zwartraafje.be\/blog\/wp-content\/uploads\/2015\/09\/allemaalrokjes2.jpeg?resize=350%2C200&ssl=1","width":350,"height":200,"srcset":"https:\/\/i0.wp.com\/www.zwartraafje.be\/blog\/wp-content\/uploads\/2015\/09\/allemaalrokjes2.jpeg?resize=350%2C200&ssl=1 1x, https:\/\/i0.wp.com\/www.zwartraafje.be\/blog\/wp-content\/uploads\/2015\/09\/allemaalrokjes2.jpeg?resize=525%2C300&ssl=1 1.5x, https:\/\/i0.wp.com\/www.zwartraafje.be\/blog\/wp-content\/uploads\/2015\/09\/allemaalrokjes2.jpeg?resize=700%2C400&ssl=1 2x"},"classes":[]},{"id":3753,"url":"https:\/\/www.zwartraafje.be\/blog\/2015\/01\/favoriete-kookboeken\/","url_meta":{"origin":7029,"position":1},"title":"Favoriete kookboeken","author":"Zwartraafje","date":"26\/01\/2015","format":false,"excerpt":"Sommige vragen zie je vaak verschijnen in Tags en terugblikken. Wat is je favoriete boek van het afgelopen jaar? Je favoriete thriller? Je favoriete romantische verhaal? E\u00e9n ding hebben die zaken alvast met elkaar gemeen \u2026 ze zijn vrijwel onmogelijk te beantwoorden. Ze gaan echter ook allemaal over fictie-boeken. Geloof\u2026","rel":"","context":"In &quot;Boeken&quot;","block_context":{"text":"Boeken","link":"https:\/\/www.zwartraafje.be\/blog\/category\/boeken\/"},"img":{"alt_text":"","src":"https:\/\/i0.wp.com\/www.zwartraafje.be\/blog\/wp-content\/uploads\/2015\/01\/B2zvvuKCQAAHWWb.jpg?resize=350%2C200&ssl=1","width":350,"height":200,"srcset":"https:\/\/i0.wp.com\/www.zwartraafje.be\/blog\/wp-content\/uploads\/2015\/01\/B2zvvuKCQAAHWWb.jpg?resize=350%2C200&ssl=1 1x, https:\/\/i0.wp.com\/www.zwartraafje.be\/blog\/wp-content\/uploads\/2015\/01\/B2zvvuKCQAAHWWb.jpg?resize=525%2C300&ssl=1 1.5x"},"classes":[]},{"id":4122,"url":"https:\/\/www.zwartraafje.be\/blog\/2015\/03\/getest-en-goedgekeurd\/","url_meta":{"origin":7029,"position":2},"title":"Getest en goedgekeurd","author":"Zwartraafje","date":"16\/03\/2015","format":false,"excerpt":"Jullie weten ondertussen al dat de, voor kookboeken gereserveerde planken in mijn boekenkasten, lichtjes doorbuigen onder het gewicht. Die boeken staan daar echter niet zomaar stof te trekken \u00e9n het draagvermogen van een Billy-kast te tergen. Aan het herlezen van mijn favoriete fictieboeken kom ik jammer genoeg niet toe, maar\u2026","rel":"","context":"In &quot;Boeken&quot;","block_context":{"text":"Boeken","link":"https:\/\/www.zwartraafje.be\/blog\/category\/boeken\/"},"img":{"alt_text":"","src":"https:\/\/i0.wp.com\/www.zwartraafje.be\/blog\/wp-content\/uploads\/2015\/03\/getestengoedgekeurd.jpeg?resize=350%2C200&ssl=1","width":350,"height":200,"srcset":"https:\/\/i0.wp.com\/www.zwartraafje.be\/blog\/wp-content\/uploads\/2015\/03\/getestengoedgekeurd.jpeg?resize=350%2C200&ssl=1 1x, https:\/\/i0.wp.com\/www.zwartraafje.be\/blog\/wp-content\/uploads\/2015\/03\/getestengoedgekeurd.jpeg?resize=525%2C300&ssl=1 1.5x"},"classes":[]},{"id":17985,"url":"https:\/\/www.zwartraafje.be\/blog\/2020\/03\/2020-shelfies-2\/","url_meta":{"origin":7029,"position":3},"title":"2020: Shelfies #2","author":"Zwartraafje","date":"13\/03\/2020","format":false,"excerpt":"Blijkbaar zijn we alweer twee jaar verder. De eerste Shelfies-serie verscheen in de zomer van 2015, twee jaar later herhaalde ik deze foto-reeks vermits de inhoud van mijn boekenkasten alweer behoorlijk veranderd was. Vermits dit twee jaar later opnieuw het geval is laat ik jullie weer even meekijken in onze\u2026","rel":"","context":"In &quot;Boeken&quot;","block_context":{"text":"Boeken","link":"https:\/\/www.zwartraafje.be\/blog\/category\/boeken\/"},"img":{"alt_text":"","src":"https:\/\/i0.wp.com\/www.zwartraafje.be\/blog\/wp-content\/uploads\/2020\/03\/20200304_112746-e1583436514983.jpg?resize=350%2C200&ssl=1","width":350,"height":200,"srcset":"https:\/\/i0.wp.com\/www.zwartraafje.be\/blog\/wp-content\/uploads\/2020\/03\/20200304_112746-e1583436514983.jpg?resize=350%2C200&ssl=1 1x, https:\/\/i0.wp.com\/www.zwartraafje.be\/blog\/wp-content\/uploads\/2020\/03\/20200304_112746-e1583436514983.jpg?resize=525%2C300&ssl=1 1.5x"},"classes":[]},{"id":10763,"url":"https:\/\/www.zwartraafje.be\/blog\/2017\/04\/het-grote-libelle-kookboek-lannoo\/","url_meta":{"origin":7029,"position":4},"title":"Het grote Libelle kookboek &#8211; Lannoo","author":"Zwartraafje","date":"11\/04\/2017","format":false,"excerpt":"Titel: Het grote Libelle kookboek \u2013 365 recepten voor elke dag Auteur: Libelle Uitgeverij: Lannoo Pagina's: 449p. Prijs: 25,00\u20ac Bron: recensieboek Jonge boontjes in de lente, sappige tomaten in de zomer, zoete appels in de herfst en knapperige kool in de winter \u2026 Elk seizoen zijn andere ingredi\u00ebnten op hun\u2026","rel":"","context":"In &quot;Recensies&quot;","block_context":{"text":"Recensies","link":"https:\/\/www.zwartraafje.be\/blog\/category\/recensies\/"},"img":{"alt_text":"","src":"https:\/\/i0.wp.com\/www.zwartraafje.be\/blog\/wp-content\/uploads\/2017\/04\/20170406_190046-e1491501233975.jpg?resize=350%2C200&ssl=1","width":350,"height":200,"srcset":"https:\/\/i0.wp.com\/www.zwartraafje.be\/blog\/wp-content\/uploads\/2017\/04\/20170406_190046-e1491501233975.jpg?resize=350%2C200&ssl=1 1x, https:\/\/i0.wp.com\/www.zwartraafje.be\/blog\/wp-content\/uploads\/2017\/04\/20170406_190046-e1491501233975.jpg?resize=525%2C300&ssl=1 1.5x"},"classes":[]},{"id":9730,"url":"https:\/\/www.zwartraafje.be\/blog\/2016\/12\/het-beste-uit-delicious-delicious\/","url_meta":{"origin":7029,"position":5},"title":"Het beste uit Delicious. &#8211; Delicious.","author":"Zwartraafje","date":"20\/12\/2016","format":false,"excerpt":"Titel: Het beste uit Delicious. Auteur: Delicious. Uitgeverij: Fontaine Uitgevers Pagina's: 287 Prijs: 29,95 \"Delicious. Bestaat 10 jaar en dat vieren we met dit extra dikke jubileumboek. Met 212 favoriete recepten, gebaseerd op onze pijlers: seizoen, lokaal, bewust, avontuur, aandacht, comfortfood, trends, samen, passie en feest.\" Mijn mening: Het beste\u2026","rel":"","context":"In &quot;Recensies&quot;","block_context":{"text":"Recensies","link":"https:\/\/www.zwartraafje.be\/blog\/category\/recensies\/"},"img":{"alt_text":"","src":"https:\/\/i0.wp.com\/www.zwartraafje.be\/blog\/wp-content\/uploads\/2016\/12\/20161124_1616261-e1480108091240.jpg?resize=350%2C200&ssl=1","width":350,"height":200},"classes":[]}],"jetpack_likes_enabled":true,"_links":{"self":[{"href":"https:\/\/www.zwartraafje.be\/blog\/wp-json\/wp\/v2\/posts\/7029","targetHints":{"allow":["GET"]}}],"collection":[{"href":"https:\/\/www.zwartraafje.be\/blog\/wp-json\/wp\/v2\/posts"}],"about":[{"href":"https:\/\/www.zwartraafje.be\/blog\/wp-json\/wp\/v2\/types\/post"}],"author":[{"embeddable":true,"href":"https:\/\/www.zwartraafje.be\/blog\/wp-json\/wp\/v2\/users\/1"}],"replies":[{"embeddable":true,"href":"https:\/\/www.zwartraafje.be\/blog\/wp-json\/wp\/v2\/comments?post=7029"}],"version-history":[{"count":1,"href":"https:\/\/www.zwartraafje.be\/blog\/wp-json\/wp\/v2\/posts\/7029\/revisions"}],"predecessor-version":[{"id":7040,"href":"https:\/\/www.zwartraafje.be\/blog\/wp-json\/wp\/v2\/posts\/7029\/revisions\/7040"}],"wp:attachment":[{"href":"https:\/\/www.zwartraafje.be\/blog\/wp-json\/wp\/v2\/media?parent=7029"}],"wp:term":[{"taxonomy":"category","embeddable":true,"href":"https:\/\/www.zwartraafje.be\/blog\/wp-json\/wp\/v2\/categories?post=7029"},{"taxonomy":"post_tag","embeddable":true,"href":"https:\/\/www.zwartraafje.be\/blog\/wp-json\/wp\/v2\/tags?post=7029"}],"curies":[{"name":"wp","href":"https:\/\/api.w.org\/{rel}","templated":true}]}}