{"id":5720,"date":"2015-10-07T15:10:41","date_gmt":"2015-10-07T13:10:41","guid":{"rendered":"http:\/\/www.zwartraafje.be\/blog\/?p=5720"},"modified":"2015-09-25T14:44:44","modified_gmt":"2015-09-25T12:44:44","slug":"de-heerschappij-van-de-maskers-sabaa-tahir","status":"publish","type":"post","link":"https:\/\/www.zwartraafje.be\/blog\/2015\/10\/de-heerschappij-van-de-maskers-sabaa-tahir\/","title":{"rendered":"De heerschappij van de maskers &#8211; Sabaa Tahir"},"content":{"rendered":"<p><a href=\"https:\/\/www.zwartraafje.be\/blog\/wp-content\/uploads\/2015\/09\/deheerschappijvandemaskers.jpeg\"><img loading=\"lazy\" decoding=\"async\" class=\"alignleft wp-image-5721 \" src=\"https:\/\/www.zwartraafje.be\/blog\/wp-content\/uploads\/2015\/09\/deheerschappijvandemaskers.jpeg\" alt=\"deheerschappijvandemaskers\" width=\"221\" height=\"334\" srcset=\"https:\/\/www.zwartraafje.be\/blog\/wp-content\/uploads\/2015\/09\/deheerschappijvandemaskers.jpeg 265w, https:\/\/www.zwartraafje.be\/blog\/wp-content\/uploads\/2015\/09\/deheerschappijvandemaskers-198x300.jpeg 198w\" sizes=\"auto, (max-width: 221px) 100vw, 221px\" \/><\/a><\/p>\n<p><strong>Titel:<\/strong> De heerschappij van de maskers (Vuur en As, #1)<br \/>\n<strong>Auteur:<\/strong> Sabaa Tahir<br \/>\n<strong>Uitgeverij:<\/strong> LS Amsterdam<br \/>\n459 p.<\/p>\n<p><em>&#8220;Laia leeft met haar broer en grootouders onder het wrede regime van het Imperium. Wanneer haar broer wordt opgepakt wegens verraad, moet ze uit de schaduw treden. In ruil voor hulp bij het bevrijden van haar broer waagt Laia haar leven, door te spioneren op de grootste militaire academie van het Imperium.<\/em><\/p>\n<p><em>Daar ontmoet ze Elias, een elitesoldaat: de beste van zijn opleiding. Maar het enige wat Elias wil is ontsnappen aan het tirannieke regime. Beiden ontdekken al snel dat hun lot verbonden is &#8211; en dat de keuzes die zij maken het Imperium zullen veranderen.&#8221;<\/em><\/p>\n<p><!--more--><\/p>\n<p><strong>Mijn mening:<\/strong><\/p>\n<p>Toen ik in dit boek begon te lezen had ik last van concentratiestoornissen waardoor het wat moeilijker was om me in te leven in het verhaal. Het leek wel alsof ik met het puntje van mijn teen in het water dipte en me afvroeg of het niet te koud was om er in te springen. Gelukkig duurde dit gevoel niet lang, bladzijde per bladzijde leek ik steeds dieper ondergedompeld te worden in Sabaa Tahir&#8217;s verhaal. Tot ik er helemaal in zat \u00e9n vervolgens in enkele uren tijd het boek in \u00e9\u00e9n ruk uitlas.<\/p>\n<p>&#8216;De heerschappij van de maskers&#8217; is geschreven vanuit twee perspectieven. Twee personages die elk in heel andere omstandigheden zijn opgegroeid.<\/p>\n<p>Laia is een geleerde en bevindt zich hierdoor in een ongunstige positie. Jaren geleden had het net een voordeel geweest, maar nu drukt deze afkomst een stempel op haar \u00e9n haar familie. Het wrede Imperium beschouwt de Geleerden als een niet uit te roeien onkruid en houdt hen nauwlettend in het oog om hen bij de minste overtreding te kunnen afstraffen.<\/p>\n<p>Elias is een schakel van dit onbuigzame regime. Of beter dat is hij bijna. Al jaren wordt hij getraind tot een elite-soldaat. Zodra zijn trainingsproces erop zit wordt hij een Masker \u2013 een marionet die afgestompt is tot op het bod en gehoorzaam alle bevelen van het Imperium opvolgt. Hun motto is niet voor niets &#8216;Plichtsgetrouw tot de dood&#8217;, alleen heeft Elias andere plannen &#8230;<\/p>\n<p>Naarmate het verhaal vordert en je meer te weten komt over Laia, Elias en de mensen om hen heen krijgt dit boek je steeds meer in zijn greep. Sabaa Tahir slaagt er met succes in om haar wereld op papier tot leven te laten komen. Intriges, complotten, actie, avontuur, gevaar, onrecht, \u2026 Het leuke is dat dit boek niet overheerst wordt door een amoureus aspect. Er gebeurd zoveel meer dan dat en tegelijkertijd zijn er zonder twijfel voldoende gevoelens aanwezig in dit boek. Van twijfels en angst tot woede, verzet, moed en onbaatzuchtigheid. Het boek heeft een heel hoog tempo en dat verklaart waarom ik dit verhaal zo snel heb uitgelezen.<\/p>\n<p>Ik zei reeds eerder dat de wereld echt tot leven leek te komen, maar dit telt ook voor de personages. Binnen de kortste keren krijg je een hekel aan specifieke karakters \u00e9n erger je je aan de onrechtvaardigheid en gruwelijke afstraffingen. Tegelijkertijd zie je de hoofdpersonages geleidelijk aan meer inzicht krijgen terwijl ze op zoek zijn naar de koers die ze moeten volgen.<\/p>\n<p>Mocht er nog twijfel over bestaan \u2026 ik heb genoten van &#8216;Heerschappij van de maskers&#8217;. Dit boek is een mooi voorbeeld van een debuut dat je nieuwsgierig maakt naar meer.<\/p>\n","protected":false},"excerpt":{"rendered":"<p>Titel: De heerschappij van de maskers (Vuur en As, #1) Auteur: Sabaa Tahir Uitgeverij: LS Amsterdam 459 p. &#8220;Laia leeft met haar broer en grootouders onder het wrede regime van het Imperium. Wanneer haar broer wordt opgepakt wegens verraad, moet ze uit de schaduw treden. In ruil voor hulp bij het bevrijden van haar broer &hellip; <a href=\"https:\/\/www.zwartraafje.be\/blog\/2015\/10\/de-heerschappij-van-de-maskers-sabaa-tahir\/\" class=\"more-link\">Lees verder <span class=\"screen-reader-text\">De heerschappij van de maskers &#8211; Sabaa Tahir<\/span> <span class=\"meta-nav\">&rarr;<\/span><\/a><\/p>\n","protected":false},"author":1,"featured_media":0,"comment_status":"open","ping_status":"open","sticky":false,"template":"","format":"standard","meta":{"jetpack_post_was_ever_published":false,"_jetpack_newsletter_access":"","_jetpack_dont_email_post_to_subs":false,"_jetpack_newsletter_tier_id":0,"_jetpack_memberships_contains_paywalled_content":false,"_jetpack_memberships_contains_paid_content":false,"footnotes":"","jetpack_publicize_message":"","jetpack_publicize_feature_enabled":true,"jetpack_social_post_already_shared":false,"jetpack_social_options":{"image_generator_settings":{"template":"highway","default_image_id":0,"font":"","enabled":false},"version":2}},"categories":[51],"tags":[556,1412,351,38,193,1300,221,1413,1414,1294],"class_list":["post-5720","post","type-post","status-publish","format-standard","hentry","category-recensies","tag-boekbespreking","tag-de-heerschappij-van-de-maskers","tag-fantasy","tag-ls-amsterdam","tag-recensie","tag-reeks","tag-review","tag-sabaa-tahir","tag-vuur-en-as","tag-ya"],"jetpack_publicize_connections":[],"jetpack_featured_media_url":"","jetpack_sharing_enabled":true,"jetpack_shortlink":"https:\/\/wp.me\/p60yYB-1ug","jetpack-related-posts":[{"id":9830,"url":"https:\/\/www.zwartraafje.be\/blog\/2016\/12\/een-fakkel-tegen-het-duister-sabaa-tahir\/","url_meta":{"origin":5720,"position":0},"title":"Een fakkel tegen het duister &#8211; Sabaa Tahir","author":"Zwartraafje","date":"09\/12\/2016","format":false,"excerpt":"Titel: Een fakkel tegen het duister Reeks: Vuur en As #2 Auteur: Sabaa Tahir Uitgeverij: LS Amsterdam Pagina's: 446p. Prijs: 19,99\u20ac \"Op hun vlucht dwars door het Imperium vechten Laia en Elias zich een weg naar het noorden om Laia's broer te bevrijden uit de Kauf-gevangenis. Opgejaagd door Maskers en\u2026","rel":"","context":"In &quot;Recensies&quot;","block_context":{"text":"Recensies","link":"https:\/\/www.zwartraafje.be\/blog\/category\/recensies\/"},"img":{"alt_text":"","src":"https:\/\/i0.wp.com\/www.zwartraafje.be\/blog\/wp-content\/uploads\/2016\/12\/eenfakkeltegenhetduister.jpg?resize=350%2C200&ssl=1","width":350,"height":200},"classes":[]},{"id":9339,"url":"https:\/\/www.zwartraafje.be\/blog\/2016\/11\/blogger-vriendenboek-74\/","url_meta":{"origin":5720,"position":1},"title":"Blogger Vriendenboek #74","author":"Zwartraafje","date":"21\/11\/2016","format":false,"excerpt":"Herinneren jullie de vriendjesboeken nog? Als je geluk had mocht je zo\u2019n exemplaar mee naar huis nemen en invullen. Dan konden je ouders meteen ook op zoek naar NOG een pasfoto want die moest je doorgaans links bovenaan jouw pagina inplakken. Bovendien werd je ook verondersteld om een antwoord te\u2026","rel":"","context":"In &quot;Blogger-vriendenboek&quot;","block_context":{"text":"Blogger-vriendenboek","link":"https:\/\/www.zwartraafje.be\/blog\/category\/blogger-vriendenboek\/"},"img":{"alt_text":"","src":"https:\/\/i0.wp.com\/www.zwartraafje.be\/blog\/wp-content\/uploads\/2016\/10\/Screen-Shot-2016-10-03-at-17.18.33-e1475508358211.png?resize=350%2C200&ssl=1","width":350,"height":200,"srcset":"https:\/\/i0.wp.com\/www.zwartraafje.be\/blog\/wp-content\/uploads\/2016\/10\/Screen-Shot-2016-10-03-at-17.18.33-e1475508358211.png?resize=350%2C200&ssl=1 1x, https:\/\/i0.wp.com\/www.zwartraafje.be\/blog\/wp-content\/uploads\/2016\/10\/Screen-Shot-2016-10-03-at-17.18.33-e1475508358211.png?resize=525%2C300&ssl=1 1.5x"},"classes":[]},{"id":5729,"url":"https:\/\/www.zwartraafje.be\/blog\/2015\/10\/gelezen-in-september-2\/","url_meta":{"origin":5720,"position":2},"title":"Gelezen in september","author":"Zwartraafje","date":"01\/10\/2015","format":false,"excerpt":"Ik merk dat ik nog steeds last heb van een leesdip. Nu ja, eigenlijk weet ik niet of ik het zo mag noemen vermits het geen doorlopend effect is. Misschien moet ik het eerder omschrijven als lees-valpartijen of zo. Want de ene keer kan ik me amper focussen en de\u2026","rel":"","context":"In &quot;Gelezen in&quot;","block_context":{"text":"Gelezen in","link":"https:\/\/www.zwartraafje.be\/blog\/category\/gelezen-in\/"},"img":{"alt_text":"","src":"https:\/\/i0.wp.com\/www.zwartraafje.be\/blog\/wp-content\/uploads\/2015\/09\/gelezeninseptember2015c.jpeg?resize=350%2C200&ssl=1","width":350,"height":200,"srcset":"https:\/\/i0.wp.com\/www.zwartraafje.be\/blog\/wp-content\/uploads\/2015\/09\/gelezeninseptember2015c.jpeg?resize=350%2C200&ssl=1 1x, https:\/\/i0.wp.com\/www.zwartraafje.be\/blog\/wp-content\/uploads\/2015\/09\/gelezeninseptember2015c.jpeg?resize=525%2C300&ssl=1 1.5x"},"classes":[]},{"id":6786,"url":"https:\/\/www.zwartraafje.be\/blog\/2016\/02\/2015-in-lijstjes-favorieten-per-genre\/","url_meta":{"origin":5720,"position":3},"title":"2015 in lijstjes: Favorieten per genre","author":"Zwartraafje","date":"06\/02\/2016","format":false,"excerpt":"Ja hoor, het is zover. Ik ben een groot liefhebber van lijstjes, ik hou van terugblikken \u00e9n de afgelopen weken heb ik jullie daar zo'n beetje mee rond de oren geslagen. Maar vandaag is de laatste terugblik in deze 2015: In lijstjes -categorie. Nu ja, ik kan niet beloven dat\u2026","rel":"","context":"In &quot;Listomania&quot;","block_context":{"text":"Listomania","link":"https:\/\/www.zwartraafje.be\/blog\/category\/listomania-2\/"},"img":{"alt_text":"2015inlijstjes","src":"https:\/\/i0.wp.com\/www.zwartraafje.be\/blog\/wp-content\/uploads\/2015\/12\/2015inlijstjes.jpeg?resize=350%2C200&ssl=1","width":350,"height":200},"classes":[]},{"id":9942,"url":"https:\/\/www.zwartraafje.be\/blog\/2017\/01\/gelezen-in-december-2016\/","url_meta":{"origin":5720,"position":4},"title":"Gelezen in december 2016","author":"Zwartraafje","date":"01\/01\/2017","format":false,"excerpt":"Wat lezen betreft eindigt 2016 voor mij persoonlijk in mineur. Ik zei reeds eerder dat ik last had van een leesdip. Pijnklachten zorgen er voor dat ik me maar moeilijk kan concentreren op lezen. Hierdoor duurt het veel langer vooraleer ik een boek uit heb \u00e9n soms lukt het gewoon\u2026","rel":"","context":"In &quot;Gelezen in&quot;","block_context":{"text":"Gelezen in","link":"https:\/\/www.zwartraafje.be\/blog\/category\/gelezen-in\/"},"img":{"alt_text":"","src":"https:\/\/i0.wp.com\/www.zwartraafje.be\/blog\/wp-content\/uploads\/2017\/01\/IMG_20161218_100121-e1482870871628.jpg?resize=350%2C200&ssl=1","width":350,"height":200,"srcset":"https:\/\/i0.wp.com\/www.zwartraafje.be\/blog\/wp-content\/uploads\/2017\/01\/IMG_20161218_100121-e1482870871628.jpg?resize=350%2C200&ssl=1 1x, https:\/\/i0.wp.com\/www.zwartraafje.be\/blog\/wp-content\/uploads\/2017\/01\/IMG_20161218_100121-e1482870871628.jpg?resize=525%2C300&ssl=1 1.5x, https:\/\/i0.wp.com\/www.zwartraafje.be\/blog\/wp-content\/uploads\/2017\/01\/IMG_20161218_100121-e1482870871628.jpg?resize=700%2C400&ssl=1 2x"},"classes":[]},{"id":14448,"url":"https:\/\/www.zwartraafje.be\/blog\/2018\/07\/boekenreeksen-die-ik-niet-meer-wil-uitlezen-en-enkele-waar-ik-nog-niet-100-zeker-van-ben\/","url_meta":{"origin":5720,"position":5},"title":"Boekenreeksen die ik niet meer wil uitlezen \u00e9n enkele waar ik nog niet 100% zeker van ben.","author":"Zwartraafje","date":"22\/07\/2018","format":false,"excerpt":"Een aantal jaren terug schreef ik een blogpost rond boekenreeksen. Daarin had ik het over series die ik nog heel graag wilde (uit)lezen. Maar ook over reeksen waar ik mijn twijfels bij had en zelfs enkele die ik niet meer in verder wilde gaan. Ondertussen is er behoorlijk wat tijd\u2026","rel":"","context":"In &quot;Boeken&quot;","block_context":{"text":"Boeken","link":"https:\/\/www.zwartraafje.be\/blog\/category\/boeken\/"},"img":{"alt_text":"","src":"https:\/\/i0.wp.com\/www.zwartraafje.be\/blog\/wp-content\/uploads\/2017\/06\/IMG_20161227_093643_053-e1496493574799.jpg?resize=350%2C200&ssl=1","width":350,"height":200},"classes":[]}],"jetpack_likes_enabled":true,"_links":{"self":[{"href":"https:\/\/www.zwartraafje.be\/blog\/wp-json\/wp\/v2\/posts\/5720","targetHints":{"allow":["GET"]}}],"collection":[{"href":"https:\/\/www.zwartraafje.be\/blog\/wp-json\/wp\/v2\/posts"}],"about":[{"href":"https:\/\/www.zwartraafje.be\/blog\/wp-json\/wp\/v2\/types\/post"}],"author":[{"embeddable":true,"href":"https:\/\/www.zwartraafje.be\/blog\/wp-json\/wp\/v2\/users\/1"}],"replies":[{"embeddable":true,"href":"https:\/\/www.zwartraafje.be\/blog\/wp-json\/wp\/v2\/comments?post=5720"}],"version-history":[{"count":1,"href":"https:\/\/www.zwartraafje.be\/blog\/wp-json\/wp\/v2\/posts\/5720\/revisions"}],"predecessor-version":[{"id":5722,"href":"https:\/\/www.zwartraafje.be\/blog\/wp-json\/wp\/v2\/posts\/5720\/revisions\/5722"}],"wp:attachment":[{"href":"https:\/\/www.zwartraafje.be\/blog\/wp-json\/wp\/v2\/media?parent=5720"}],"wp:term":[{"taxonomy":"category","embeddable":true,"href":"https:\/\/www.zwartraafje.be\/blog\/wp-json\/wp\/v2\/categories?post=5720"},{"taxonomy":"post_tag","embeddable":true,"href":"https:\/\/www.zwartraafje.be\/blog\/wp-json\/wp\/v2\/tags?post=5720"}],"curies":[{"name":"wp","href":"https:\/\/api.w.org\/{rel}","templated":true}]}}