{"id":5498,"date":"2015-09-02T15:10:43","date_gmt":"2015-09-02T13:10:43","guid":{"rendered":"http:\/\/www.zwartraafje.be\/blog\/?p=5498"},"modified":"2015-08-28T15:39:33","modified_gmt":"2015-08-28T13:39:33","slug":"versatile-blogger-award-2","status":"publish","type":"post","link":"https:\/\/www.zwartraafje.be\/blog\/2015\/09\/versatile-blogger-award-2\/","title":{"rendered":"Versatile Blogger Award #2"},"content":{"rendered":"<p><a href=\"https:\/\/www.zwartraafje.be\/blog\/wp-content\/uploads\/2015\/08\/versatilebloggeraward.jpeg\"><img loading=\"lazy\" decoding=\"async\" class=\"alignleft wp-image-5491 \" src=\"https:\/\/www.zwartraafje.be\/blog\/wp-content\/uploads\/2015\/08\/versatilebloggeraward.jpeg\" alt=\"versatilebloggeraward\" width=\"307\" height=\"307\" srcset=\"https:\/\/www.zwartraafje.be\/blog\/wp-content\/uploads\/2015\/08\/versatilebloggeraward.jpeg 500w, https:\/\/www.zwartraafje.be\/blog\/wp-content\/uploads\/2015\/08\/versatilebloggeraward-150x150.jpeg 150w, https:\/\/www.zwartraafje.be\/blog\/wp-content\/uploads\/2015\/08\/versatilebloggeraward-300x300.jpeg 300w\" sizes=\"auto, (max-width: 307px) 100vw, 307px\" \/><\/a>Vorige week begon voor mij met een nominatie. <a href=\"https:\/\/oogopdetoekomst.wordpress.com\/\">Marcia <\/a>had me toen immers getagd voor de Versatile Blogger Award. Nog voor mijn invulling verscheen werd ik niet \u00e9\u00e9n of twee, maar zelfs drie keer opnieuw geselecteerd door medebloggers. Niemand minder dan <span style=\"color: #0000ff;\"><a style=\"color: #0000ff;\" href=\"http:\/\/leavenostorybehind.nl\">Lisa van Leave no Story Behind<\/a><\/span>, <span style=\"color: #0000ff;\"><a style=\"color: #0000ff;\" href=\"http:\/\/blog.make-it-personal.nl\/home-3\/\">Lieke van Make it personal <\/a><\/span>en<span style=\"color: #0000ff;\"><a style=\"color: #0000ff;\" href=\"https:\/\/mijnbreiniseenboekenkast.wordpress.com\/\"> Vanessa van Mijn BIEB<\/a><\/span>. Dankjewel voor de nominaties dames! Waar het de vorige week nog lang geleden was sinds mijn laatste Facts about me, ziet het er nu naar uit dat jullie overrompeld zullen worden door persoonlijk feiten over dit Zwartraafje. \ud83d\ude09<\/p>\n<p><!--more--><\/p>\n<p style=\"text-align: center;\"><span style=\"color: #0000ff;\">Lisa<\/span><\/p>\n<p style=\"text-align: center;\"><strong>1.<\/strong> &#8211; ik heb al jaren een huishoudboek waarin ik alle uitgaven noteer. Ja, ik weet dat mijn leeftijdsgenoten dit doorgaans niet doen \u2013 maar mijn grootouders \u00e9n ouders deden dit wel en blijkbaar heb ik het van hen overgekregen. Op zich is het ook wel heel handig om een overzicht te hebben, anders lijkt je geld gewoon in de lucht op te gaan. Bovendien is het wel leuk om te zien dat je boekenbudget nog niet uitgeput is. \ud83d\ude09<\/p>\n<p style=\"text-align: center;\"><strong>2.<\/strong> &#8211; ik doe trouwens nog wel meer dingen die leeftijdsgenoten niet &#8216;hip&#8217; vinden. Fysieke kaartjes sturen bijvoorbeeld in plaats van wensen via FB, ecards of sms.<\/p>\n<p style=\"text-align: center;\"><a href=\"https:\/\/www.zwartraafje.be\/blog\/wp-content\/uploads\/2015\/02\/vlinderkaarten.jpeg\"><img loading=\"lazy\" decoding=\"async\" class=\"alignnone wp-image-3947 \" src=\"https:\/\/www.zwartraafje.be\/blog\/wp-content\/uploads\/2015\/02\/vlinderkaarten-1024x1024.jpeg\" alt=\"vlinderkaarten\" width=\"331\" height=\"331\" srcset=\"https:\/\/www.zwartraafje.be\/blog\/wp-content\/uploads\/2015\/02\/vlinderkaarten-1024x1024.jpeg 1024w, https:\/\/www.zwartraafje.be\/blog\/wp-content\/uploads\/2015\/02\/vlinderkaarten-150x150.jpeg 150w, https:\/\/www.zwartraafje.be\/blog\/wp-content\/uploads\/2015\/02\/vlinderkaarten-300x300.jpeg 300w, https:\/\/www.zwartraafje.be\/blog\/wp-content\/uploads\/2015\/02\/vlinderkaarten.jpeg 2000w\" sizes=\"auto, (max-width: 331px) 100vw, 331px\" \/><\/a><\/p>\n<p style=\"text-align: center;\"><strong>3.<\/strong>&#8211; of een weekmenu opstellen. Dit doe ik al euhm \u2026 13,5 jaar, vanaf mijn vriend (nu echtgenoot) en ik gingen samenwonen. Ik hoef me dus niet elke dag af te vragen wat we nu weer zullen eten \u00e9n moet ook niet zo vaak naar de supermarkt. Wat er uiteraard ook meteen voor zorgt dat ik wat extra leestijd win. \ud83d\ude09<\/p>\n<p style=\"text-align: center;\"><strong>4.<\/strong>&#8211; ik volg geen booktubers \u2013 erg h\u00e9. Vaak kom ik lijstjes tegen waarin andere bloggers hun favoriete booktubers voorstellen \u00e9n dan denk ik &#8216;Hier zou ik eens tijd voor moeten maken&#8217;. Maar jammer genoeg lijkt tijd maken onmogelijk \u00e9n datzelfde telt voor het vinden van een functionerende timeturner \u2013 dus valsspelen zit er ook niet in.<\/p>\n<p style=\"text-align: center;\"><strong>5.<\/strong>&#8211; ik heb nooit naar Pokemon gekeken. Mijn broers keken er in een ver verleden wel eens naar, maar blijkbaar was ik er zelf net iets te oud voor. Er zijn nog wel meer dingen die ik niet bewust heb meegemaakt. Spongebob bijvoorbeeld, of de flippo&#8217;s die ooit een hele poos niet uit het straatbeeld weg te denken waren, of \u2026<\/p>\n<p style=\"text-align: center;\"><strong>6.<\/strong>&#8211; ik streek vroeger echt alles tot handdoeken en washandjes toe. Tot enkele mensen me totaal voor gek verklaarden. Nu is het net het omgekeerde, veel kleding wordt opgevouwen zodra ze uit de droogkast komt waardoor slechts enkele zaken echt gestreken moeten worden \u00e9n ik me dus weer wat extra tijd bespaar die ik uiteraard veel liever doorbreng met lezen.<\/p>\n<p style=\"text-align: center;\"><strong>7.<\/strong>&#8211; vroeger stond ik nogal wantrouwend ten opzichte van sushi. Ik had niet veel vertrouwen in een gerecht met rauwe vis. Sinds ik het voor het eerst proefde tijdens de vrijgezellen van een vriendin ben ik echter helemaal fan.<\/p>\n<p style=\"text-align: center;\"><a href=\"https:\/\/www.zwartraafje.be\/blog\/wp-content\/uploads\/2014\/05\/2014-05-17-19.15.50.jpg\"><img loading=\"lazy\" decoding=\"async\" class=\"alignnone wp-image-1259 \" src=\"https:\/\/www.zwartraafje.be\/blog\/wp-content\/uploads\/2014\/05\/2014-05-17-19.15.50.jpg\" alt=\"sushiboot\" width=\"370\" height=\"278\" srcset=\"https:\/\/www.zwartraafje.be\/blog\/wp-content\/uploads\/2014\/05\/2014-05-17-19.15.50.jpg 500w, https:\/\/www.zwartraafje.be\/blog\/wp-content\/uploads\/2014\/05\/2014-05-17-19.15.50-300x225.jpg 300w\" sizes=\"auto, (max-width: 370px) 100vw, 370px\" \/><\/a><\/p>\n<p style=\"text-align: center;\"><span style=\"color: #0000ff;\">Lieke<\/span><\/p>\n<p style=\"text-align: center;\"><strong>8.<\/strong>&#8211; mijn allereerste Boekenbeurs-aanwinst was een gesigneerd boek van Herman Brusselmans. Ik heb er toen nog een hele tijd voor aangeschoven. Maar h\u00e9, mijn naam is wel correct geschreven. Yep, vroeger las ik &#8216;iets&#8217; andere boeken als nu.<\/p>\n<p style=\"text-align: center;\"><a href=\"https:\/\/www.zwartraafje.be\/blog\/wp-content\/uploads\/2014\/09\/brusselmans.jpeg\"><img loading=\"lazy\" decoding=\"async\" class=\"wp-image-2713 alignnone\" src=\"https:\/\/www.zwartraafje.be\/blog\/wp-content\/uploads\/2014\/09\/brusselmans-1024x512.jpeg\" alt=\"brusselmans\" width=\"400\" height=\"200\" srcset=\"https:\/\/www.zwartraafje.be\/blog\/wp-content\/uploads\/2014\/09\/brusselmans-1024x512.jpeg 1024w, https:\/\/www.zwartraafje.be\/blog\/wp-content\/uploads\/2014\/09\/brusselmans-300x150.jpeg 300w\" sizes=\"auto, (max-width: 400px) 100vw, 400px\" \/><\/a><\/p>\n<p style=\"text-align: center;\"><strong>9.<\/strong>&#8211; ik heb twee jongere broers en dankzij hen ook twee schoonzusjes die goede vriendinnen zijn geworden.<\/p>\n<p style=\"text-align: center;\"><strong>10.<\/strong> &#8211; eerder deze week mocht in de stoffenverzameling van mijn moeder snuffelen. Ik haalde er enkele van tussen en ben benieuwd of ik die ooit allemaal tot iets zal kunnen verwerken. Bovenaan in de rechterdoos ligt baalkatoen. Dus als ik eens heel veel tijd heb kan ik mijn eigen totebags maken en beschilderen.<\/p>\n<p style=\"text-align: center;\"><a href=\"https:\/\/www.zwartraafje.be\/blog\/wp-content\/uploads\/2015\/09\/20150828_153333.jpg\"><img loading=\"lazy\" decoding=\"async\" class=\"alignnone wp-image-5502 \" src=\"https:\/\/www.zwartraafje.be\/blog\/wp-content\/uploads\/2015\/09\/20150828_153333.jpg\" alt=\"20150828_153333\" width=\"342\" height=\"257\" srcset=\"https:\/\/www.zwartraafje.be\/blog\/wp-content\/uploads\/2015\/09\/20150828_153333.jpg 500w, https:\/\/www.zwartraafje.be\/blog\/wp-content\/uploads\/2015\/09\/20150828_153333-300x225.jpg 300w\" sizes=\"auto, (max-width: 342px) 100vw, 342px\" \/><\/a><\/p>\n<p style=\"text-align: center;\"><strong>11.<\/strong> &#8211; ik hou er van om boekenkoopjes te doen en dat hoeft niet pers\u00e9 in de winkel te zijn. Rondslenteren en naar boeken kijken op rommelmarkten, garageverkopen, tweedehandssites en kringloopwinkels is nu eenmaal leuk. Helemaal wanneer je een koopje op de kop kan tikken.<\/p>\n<p style=\"text-align: center;\"><a href=\"https:\/\/www.zwartraafje.be\/blog\/wp-content\/uploads\/2015\/08\/20150804_190620.jpg\"><img loading=\"lazy\" decoding=\"async\" class=\"alignnone wp-image-5353 \" src=\"https:\/\/www.zwartraafje.be\/blog\/wp-content\/uploads\/2015\/08\/20150804_190620.jpg\" alt=\"20150804_190620\" width=\"378\" height=\"284\" srcset=\"https:\/\/www.zwartraafje.be\/blog\/wp-content\/uploads\/2015\/08\/20150804_190620.jpg 500w, https:\/\/www.zwartraafje.be\/blog\/wp-content\/uploads\/2015\/08\/20150804_190620-300x225.jpg 300w\" sizes=\"auto, (max-width: 378px) 100vw, 378px\" \/><\/a><\/p>\n<p style=\"text-align: center;\"><strong>12.<\/strong> &#8211; mijn jongste broer en schoonzus gingen begin augustus naar Londen \u00e9n gisteren kreeg ik van hen deze superleuke tas cadeau als verrassing. Ik ben er vanzelfsprekend SUPER gelukkig mee.<\/p>\n<p style=\"text-align: center;\"><a href=\"https:\/\/www.zwartraafje.be\/blog\/wp-content\/uploads\/2015\/08\/20150827_153812.jpg\"><img loading=\"lazy\" decoding=\"async\" class=\"alignnone wp-image-5499 \" src=\"https:\/\/www.zwartraafje.be\/blog\/wp-content\/uploads\/2015\/08\/20150827_153812.jpg\" alt=\"20150827_153812\" width=\"277\" height=\"369\" srcset=\"https:\/\/www.zwartraafje.be\/blog\/wp-content\/uploads\/2015\/08\/20150827_153812.jpg 375w, https:\/\/www.zwartraafje.be\/blog\/wp-content\/uploads\/2015\/08\/20150827_153812-225x300.jpg 225w\" sizes=\"auto, (max-width: 277px) 100vw, 277px\" \/><\/a><\/p>\n<p style=\"text-align: center;\"><strong>13.<\/strong> &#8211; mijn allereerste zelfgekochte cd was het debuutalbum van Alanis Morisette<\/p>\n<p style=\"text-align: center;\"><strong>14.<\/strong> &#8211; ik heb een bril in huis maar heb hem eigenlijk zelden nodig. Vroeger wel, maar de laatste tijd weer niet. Heel gek dat ik hem niet altijd nodig heb, maar hij ligt dus wel binnen handbereik mocht daar ooit weer eens verandering in komen.<\/p>\n<p style=\"text-align: center;\"><span style=\"color: #0000ff;\">Vanessa<\/span><\/p>\n<p style=\"text-align: center;\"><strong>15.<\/strong> &#8211; jullie hebben misschien al gemerkt dat ik een smoothie-fan ben. Alleen vind ik het zo&#8217;n zonde om vers zomerfruit te pletten in de blender. In de eerste plaats omdat het minstens even lekker is om gewoon uit het vuistje op te eten maar ook omdat die zomerse bessen veel te kostelijk zijn. Zelf maak ik daarom steeds gebruik van diepvriesvruchten. Zo heb ik meteen ook een super frisse smoothie.<\/p>\n<p style=\"text-align: center;\"><a href=\"https:\/\/www.zwartraafje.be\/blog\/wp-content\/uploads\/2014\/07\/2014-07-18-15.26.02.jpg\"><img loading=\"lazy\" decoding=\"async\" class=\"alignnone wp-image-2042 \" src=\"https:\/\/www.zwartraafje.be\/blog\/wp-content\/uploads\/2014\/07\/2014-07-18-15.26.02-1024x768.jpg\" alt=\"smoothie2\" width=\"325\" height=\"244\" srcset=\"https:\/\/www.zwartraafje.be\/blog\/wp-content\/uploads\/2014\/07\/2014-07-18-15.26.02-1024x768.jpg 1024w, https:\/\/www.zwartraafje.be\/blog\/wp-content\/uploads\/2014\/07\/2014-07-18-15.26.02-300x225.jpg 300w, https:\/\/www.zwartraafje.be\/blog\/wp-content\/uploads\/2014\/07\/2014-07-18-15.26.02.jpg 2048w\" sizes=\"auto, (max-width: 325px) 100vw, 325px\" \/><\/a><\/p>\n<p style=\"text-align: center;\"><strong>16.<\/strong>&#8211; op de een of andere manier open ik een doosje medicatie steeds aan de foute kant, waardoor de bijsluiter er nog over hangt en ik die dus eerst moet verwijderen.<\/p>\n<p style=\"text-align: center;\"><strong>17.<\/strong>&#8211; Sneakersokjes hebben de irritante gewoonte om steeds onder mijn hiel te schuiven. Ik werd er op de duur een beetje gek van maar heb toen gelukkig een handige oplossing gevonden. Ik trek ze gewoon over mijn steunzolen en leg die vervolgens terug in mijn schoen. Tja, ik ben een plantrekker en bedenk steeds gekke oplossingen voor stomme probleempjes.<\/p>\n<p style=\"text-align: center;\"><strong>18.<\/strong>&#8211; Blijkbaar ben ik ook een vreemde linkshandige. Schrijven en lezen doe ik links. Een lepel heb ik ook in mijn linkerhand, maar mijn vork en mes gebruik ik dan weer als een rechtshandige. Blijkbaar doe ik nog een aantal zaken averechts. Kruisjessteek doe ik bijvoorbeeld linkshandig (wat dus in mijn geval logisch is) maar mijn haaknaald of breipriemen heb ik dan weer vast als een rechtshandige. Al beweeg ik tijdens het handwerk wel vooral mijn linkerarm wat naar het schijnt een zot zicht is. Gelukkig ziet het eindresultaat van dat breien\/haken er wel heel normaal uit.<\/p>\n<p style=\"text-align: center;\"><a href=\"https:\/\/www.zwartraafje.be\/blog\/wp-content\/uploads\/2014\/11\/390670_3065750812398_359208522_n.jpg\"><img loading=\"lazy\" decoding=\"async\" class=\"alignnone wp-image-3195 \" src=\"https:\/\/www.zwartraafje.be\/blog\/wp-content\/uploads\/2014\/11\/390670_3065750812398_359208522_n.jpg\" alt=\"blokkensjaal\" width=\"342\" height=\"257\" srcset=\"https:\/\/www.zwartraafje.be\/blog\/wp-content\/uploads\/2014\/11\/390670_3065750812398_359208522_n.jpg 960w, https:\/\/www.zwartraafje.be\/blog\/wp-content\/uploads\/2014\/11\/390670_3065750812398_359208522_n-300x225.jpg 300w\" sizes=\"auto, (max-width: 342px) 100vw, 342px\" \/><\/a><\/p>\n<p style=\"text-align: center;\"><strong>19.<\/strong> &#8211; Eerder dit jaar begon ik een blog met handige blogtips te volgen. Binnen de kortste keren ben ik daar echter mee opgehouden vermits ik meteen nog meer faalangst kreeg als voordien. Ik doe immers de helft van die zaken niet en was er dus nog meer van overtuigd dat ik een &#8216;slechte&#8217; blogger was.<\/p>\n<p style=\"text-align: center;\"><strong>20.<\/strong> &#8211; Een tijdje terug zag ik bij iemand verjaardagswensen passeren en betrapte mezelf er op dat ik Harry Birthday las in plaats van Happy Birthday. Wie weet wens ik mensen binnenkort ook onbewust een Happy Potter.<\/p>\n<p style=\"text-align: center;\"><a href=\"https:\/\/www.zwartraafje.be\/blog\/wp-content\/uploads\/2014\/07\/2014-07-23-19.16.07.jpg\"><img loading=\"lazy\" decoding=\"async\" class=\"alignnone wp-image-2100 \" src=\"https:\/\/www.zwartraafje.be\/blog\/wp-content\/uploads\/2014\/07\/2014-07-23-19.16.07-768x1024.jpg\" alt=\"harrypotterkaart\" width=\"290\" height=\"386\" srcset=\"https:\/\/www.zwartraafje.be\/blog\/wp-content\/uploads\/2014\/07\/2014-07-23-19.16.07-768x1024.jpg 768w, https:\/\/www.zwartraafje.be\/blog\/wp-content\/uploads\/2014\/07\/2014-07-23-19.16.07-225x300.jpg 225w, https:\/\/www.zwartraafje.be\/blog\/wp-content\/uploads\/2014\/07\/2014-07-23-19.16.07.jpg 1536w\" sizes=\"auto, (max-width: 290px) 100vw, 290px\" \/><\/a><\/p>\n<p style=\"text-align: center;\"><strong>21.<\/strong> &#8211; Onlangs stond ik boos naar de afdruk van een regendruppel op de ruit te kijken. &#8216;How dare you!&#8217; en dat terwijl ik ze net had proper gemaakt. Blijkbaar is het poetsen van je ruiten gelijk aan het uitdagen van de weergoden. Misschien moet ik rekening houden met al die mensen die liever het zonnetje zien schijnen \u00e9n ze gewoon NIET meer kuisen. Dat zou me meteen nog wat extra leestijd opleveren. \ud83d\ude09<\/p>\n","protected":false},"excerpt":{"rendered":"<p>Vorige week begon voor mij met een nominatie. Marcia had me toen immers getagd voor de Versatile Blogger Award. Nog voor mijn invulling verscheen werd ik niet \u00e9\u00e9n of twee, maar zelfs drie keer opnieuw geselecteerd door medebloggers. Niemand minder dan Lisa van Leave no Story Behind, Lieke van Make it personal en Vanessa van &hellip; <a href=\"https:\/\/www.zwartraafje.be\/blog\/2015\/09\/versatile-blogger-award-2\/\" class=\"more-link\">Lees verder <span class=\"screen-reader-text\">Versatile Blogger Award #2<\/span> <span class=\"meta-nav\">&rarr;<\/span><\/a><\/p>\n","protected":false},"author":1,"featured_media":0,"comment_status":"open","ping_status":"open","sticky":false,"template":"","format":"standard","meta":{"jetpack_post_was_ever_published":false,"_jetpack_newsletter_access":"","_jetpack_dont_email_post_to_subs":false,"_jetpack_newsletter_tier_id":0,"_jetpack_memberships_contains_paywalled_content":false,"_jetpack_memberships_contains_paid_content":false,"footnotes":"","jetpack_publicize_message":"","jetpack_publicize_feature_enabled":true,"jetpack_social_post_already_shared":false,"jetpack_social_options":{"image_generator_settings":{"template":"highway","default_image_id":0,"font":"","enabled":false},"version":2}},"categories":[1066,378],"tags":[1180,326],"class_list":["post-5498","post","type-post","status-publish","format-standard","hentry","category-persoonlijk","category-tags","tag-persoonlijk","tag-tag"],"jetpack_publicize_connections":[],"jetpack_featured_media_url":"","jetpack_sharing_enabled":true,"jetpack_shortlink":"https:\/\/wp.me\/p60yYB-1qG","jetpack-related-posts":[{"id":5490,"url":"https:\/\/www.zwartraafje.be\/blog\/2015\/08\/versatile-blogger-award\/","url_meta":{"origin":5498,"position":0},"title":"Versatile Blogger Award","author":"Zwartraafje","date":"28\/08\/2015","format":false,"excerpt":"Voor mij begon deze week met een nominatie. Marcia van Met het oog op de toekomst had me immers genomineerd voor deze Versatile Blogger Award. Dankjewel Marcia! Jouw timing blijkt ook super goed uit te komen vermits het ondertussen alweer een tijdje is geleden sinds mijn laatste Facts about me.\u2026","rel":"","context":"In &quot;Persoonlijk&quot;","block_context":{"text":"Persoonlijk","link":"https:\/\/www.zwartraafje.be\/blog\/category\/persoonlijk\/"},"img":{"alt_text":"","src":"https:\/\/i0.wp.com\/www.zwartraafje.be\/blog\/wp-content\/uploads\/2015\/08\/versatilebloggeraward.jpeg?resize=350%2C200&ssl=1","width":350,"height":200},"classes":[]},{"id":5653,"url":"https:\/\/www.zwartraafje.be\/blog\/2015\/09\/one-lovely-blog-award\/","url_meta":{"origin":5498,"position":1},"title":"One Lovely Blog Award","author":"Zwartraafje","date":"27\/09\/2015","format":false,"excerpt":"Het ziet er naar uit dat jullie me nog wat beter gaan leren kennen dankzij de Awards die momenteel rondgaan. Eerder deze maand mocht ik al enkele persoonlijke weetjes delen dankzij de nominatie(s) voor de Versatile Blogger Award. Deze week werd ik door Mieke Schepens van Graag gelezen! Genomineerd voor\u2026","rel":"","context":"In &quot;Tags &amp; Challenges&quot;","block_context":{"text":"Tags &amp; Challenges","link":"https:\/\/www.zwartraafje.be\/blog\/category\/tags\/"},"img":{"alt_text":"one-lovely-blog","src":"https:\/\/i0.wp.com\/www.zwartraafje.be\/blog\/wp-content\/uploads\/2015\/09\/one-lovely-blog.png?resize=350%2C200&ssl=1","width":350,"height":200},"classes":[]},{"id":5699,"url":"https:\/\/www.zwartraafje.be\/blog\/2015\/10\/blogfeiten-1\/","url_meta":{"origin":5498,"position":2},"title":"Blogfeiten #1","author":"Zwartraafje","date":"15\/10\/2015","format":false,"excerpt":"Onder de rubriek 'Facts about me' deel ik af en toe enkele persoonlijke weetjes. Ook dankzij Tags als de One Lovely Blog Award of de Versatile Blogger Award krijgen jullie de kans om me iets beter te leren kennen. Als ik me niet vergis heb ik nog nooit een lijstje\u2026","rel":"","context":"In &quot;Listomania&quot;","block_context":{"text":"Listomania","link":"https:\/\/www.zwartraafje.be\/blog\/category\/listomania-2\/"},"img":{"alt_text":"","src":"https:\/\/i0.wp.com\/www.zwartraafje.be\/blog\/wp-content\/uploads\/2015\/09\/blogfeiten.jpeg?resize=350%2C200&ssl=1","width":350,"height":200,"srcset":"https:\/\/i0.wp.com\/www.zwartraafje.be\/blog\/wp-content\/uploads\/2015\/09\/blogfeiten.jpeg?resize=350%2C200&ssl=1 1x, https:\/\/i0.wp.com\/www.zwartraafje.be\/blog\/wp-content\/uploads\/2015\/09\/blogfeiten.jpeg?resize=525%2C300&ssl=1 1.5x"},"classes":[]},{"id":7288,"url":"https:\/\/www.zwartraafje.be\/blog\/2016\/04\/blogfeiten-3\/","url_meta":{"origin":5498,"position":3},"title":"Blogfeiten #3","author":"Zwartraafje","date":"03\/04\/2016","format":false,"excerpt":"Tja, ik hou nu eenmaal van lijstjes \u00e9n van het bloggen dus een combinatie van beide moest hier uiteraard ooit wel eens aan bod komen. Naar gewoonte bleek al snel dat ik er zoveel blogfeiten waren dat een enkele blogpost veel te uitvoerig werd. Daarom breng ik jullie nu een\u2026","rel":"","context":"In &quot;Bloggen&quot;","block_context":{"text":"Bloggen","link":"https:\/\/www.zwartraafje.be\/blog\/category\/bloggen\/"},"img":{"alt_text":"blogfeiten","src":"https:\/\/i0.wp.com\/www.zwartraafje.be\/blog\/wp-content\/uploads\/2015\/09\/blogfeiten.jpeg?resize=350%2C200&ssl=1","width":350,"height":200},"classes":[]},{"id":6196,"url":"https:\/\/www.zwartraafje.be\/blog\/2015\/12\/blogfeiten-2\/","url_meta":{"origin":5498,"position":4},"title":"Blogfeiten #2","author":"Zwartraafje","date":"05\/12\/2015","format":false,"excerpt":"Onder de rubriek \u2018Facts about me\u2018 deel ik af en toe enkele persoonlijke weetjes. Ook dankzij Tags als de One Lovely Blog Award of de Versatile Blogger Award krijgen jullie de kans om me iets beter te leren kennen. Als ik me niet vergis heb ik nog nooit een lijstje\u2026","rel":"","context":"In &quot;Listomania&quot;","block_context":{"text":"Listomania","link":"https:\/\/www.zwartraafje.be\/blog\/category\/listomania-2\/"},"img":{"alt_text":"blogfeiten","src":"https:\/\/i0.wp.com\/www.zwartraafje.be\/blog\/wp-content\/uploads\/2015\/09\/blogfeiten.jpeg?resize=350%2C200&ssl=1","width":350,"height":200},"classes":[]},{"id":5702,"url":"https:\/\/www.zwartraafje.be\/blog\/2015\/10\/bloggerlovin-7\/","url_meta":{"origin":5498,"position":5},"title":"Blogger Lovin #7","author":"Zwartraafje","date":"04\/10\/2015","format":false,"excerpt":"Af en toe probeer ik mits deze rubriek een aantal blogposts \u00e9n medebloggers in de spotlight te zetten. De ene keer is dat omdat ze me aan het lachen brachten, de andere keer omdat ze me aan het denken zetten en soms gewoon omdat ze zo mooi geschreven zijn of\u2026","rel":"","context":"In &quot;Blogger Lovin&quot;","block_context":{"text":"Blogger Lovin","link":"https:\/\/www.zwartraafje.be\/blog\/category\/blogger-lovin\/"},"img":{"alt_text":"blogger-lovin","src":"https:\/\/i0.wp.com\/www.zwartraafje.be\/blog\/wp-content\/uploads\/2015\/01\/bloggerlovin.jpeg?resize=350%2C200&ssl=1","width":350,"height":200},"classes":[]}],"jetpack_likes_enabled":true,"_links":{"self":[{"href":"https:\/\/www.zwartraafje.be\/blog\/wp-json\/wp\/v2\/posts\/5498","targetHints":{"allow":["GET"]}}],"collection":[{"href":"https:\/\/www.zwartraafje.be\/blog\/wp-json\/wp\/v2\/posts"}],"about":[{"href":"https:\/\/www.zwartraafje.be\/blog\/wp-json\/wp\/v2\/types\/post"}],"author":[{"embeddable":true,"href":"https:\/\/www.zwartraafje.be\/blog\/wp-json\/wp\/v2\/users\/1"}],"replies":[{"embeddable":true,"href":"https:\/\/www.zwartraafje.be\/blog\/wp-json\/wp\/v2\/comments?post=5498"}],"version-history":[{"count":3,"href":"https:\/\/www.zwartraafje.be\/blog\/wp-json\/wp\/v2\/posts\/5498\/revisions"}],"predecessor-version":[{"id":5503,"href":"https:\/\/www.zwartraafje.be\/blog\/wp-json\/wp\/v2\/posts\/5498\/revisions\/5503"}],"wp:attachment":[{"href":"https:\/\/www.zwartraafje.be\/blog\/wp-json\/wp\/v2\/media?parent=5498"}],"wp:term":[{"taxonomy":"category","embeddable":true,"href":"https:\/\/www.zwartraafje.be\/blog\/wp-json\/wp\/v2\/categories?post=5498"},{"taxonomy":"post_tag","embeddable":true,"href":"https:\/\/www.zwartraafje.be\/blog\/wp-json\/wp\/v2\/tags?post=5498"}],"curies":[{"name":"wp","href":"https:\/\/api.w.org\/{rel}","templated":true}]}}