{"id":3328,"date":"2014-12-04T13:51:57","date_gmt":"2014-12-04T12:51:57","guid":{"rendered":"http:\/\/www.zwartraafje.be\/blog\/?p=3328"},"modified":"2015-03-31T16:45:58","modified_gmt":"2015-03-31T14:45:58","slug":"dreiging-en-duisternis-leigh-bardugo","status":"publish","type":"post","link":"https:\/\/www.zwartraafje.be\/blog\/2014\/12\/dreiging-en-duisternis-leigh-bardugo\/","title":{"rendered":"Dreiging en Duisternis &#8211; Leigh Bardugo"},"content":{"rendered":"<p><a href=\"https:\/\/www.zwartraafje.be\/blog\/wp-content\/uploads\/2014\/12\/dreigingenduisternis.jpg\"><img loading=\"lazy\" decoding=\"async\" class=\"alignleft wp-image-3329 \" src=\"https:\/\/www.zwartraafje.be\/blog\/wp-content\/uploads\/2014\/12\/dreigingenduisternis-188x300.jpg\" alt=\"dreigingenduisternis\" width=\"182\" height=\"290\" srcset=\"https:\/\/www.zwartraafje.be\/blog\/wp-content\/uploads\/2014\/12\/dreigingenduisternis-188x300.jpg 188w, https:\/\/www.zwartraafje.be\/blog\/wp-content\/uploads\/2014\/12\/dreigingenduisternis.jpg 529w\" sizes=\"auto, (max-width: 182px) 100vw, 182px\" \/><\/a><\/p>\n<p>&nbsp;<\/p>\n<p>Titel: Dreiging en Duisternis \u00a0 \u00a0 \u00a0 \u00a0 \u00a0 \u00a0 \u00a0 \u00a0 \u00a0 \u00a0 \u00a0 \u00a0\u00a0 (De Grisha, #2)<br \/>\nAuteur: Leigh Bardugo<br \/>\nUitgeverij: Blossom Books<br \/>\n411p.<\/p>\n<p><em>\u201cOpgejaagd door het Eerste en Tweede Leger en achtervolgd door nare herinneringen, probeert Alina samen met Mal een nieuw leven op te bouwen in een onbekend land. Ze moet haar identiteit als Lichtheerser verborgen houden om niet gevonden te worden door haar tegenstander, de Duisterling.<\/em><\/p>\n<p><em>Alina kan haar verleden en toekomst helaas niet lang blijven ontvluchten. Met behulp van een beruchte vrijbuiter, weet Alina veilig terug te keren naar Ravka. Ze is vastberaden om te vechten tegen de duistere macht die zich in het land verzamelt. Maar terwijl haar magische krachten groeien, glijdt Alina verder en verder af in het gevaarlijke spel van de Duisterling \u2013 en verder weg van Mal.<\/em><\/p>\n<p><em>Alina moet kiezen tussen haar land, haar macht en de liefde waarvan ze altijd dacht dat hij haar op het juiste pad zou houden.\u201d<\/em><\/p>\n<p><!--more--><\/p>\n<p><strong>Mijn mening:<\/strong><\/p>\n<p>Vanaf de eerste zin pik je als lezer direct weer in, daar waar <a title=\"Schim en schaduw \u2013 Leigh Bardugo\" href=\"https:\/\/www.zwartraafje.be\/blog\/2014\/11\/schim-en-schaduw-leigh-bardugo\/\">&#8216;Schim en Schaduw&#8217;<\/a> eindigde. Nog beter zelfs, vanaf die eerste pagina bevind je je meteen weer in Ravka. Het is nog niet zo lang geleden sinds ik het eerste deel uit deze magische serie las en toch voelt het een beetje aan als opnieuw thuis komen.<\/p>\n<p>Ik voelde me dan ook al snel weer op mijn plek in Bardugo&#8217;s fantasiewereld en dat gevoel bleef tot de laatste pagina voortduren. Het is echter ook een boek waarbij ik het absoluut wil vermijden om een spoiler in mijn recensie te verwerken. Ik wil immers niet dat ik iemand leesplezier bederf door al te veel te verklappen, maar wil wel graag duidelijk maken hoe veel ik van dit boek genoten heb.<\/p>\n<p>Dankzij de prachtige covers is het al een plezier om simpelweg naar de Grisha-boeken te kijken, het wordt er echter alleen maar nog beter op zodra je die omslag opent en wegduikt in het verhaal. Magische wezens, krachtige voorwerpen, be\u00efnvloedbare elementen, \u2026 Ondertussen zijn er al veel boekverfilmingen uitgekomen \u00e9n ook al wisten niet al die films me te overtuigen, deze reeks lijkt om een verfilming te vragen. De pracht en praal van de Grisha, de adembenemende locaties, het scheepsleven, de magische wezens, het allegaartje van personages, de manifestaties van Alina&#8217;s toenemende krachten. Nu ja, een verfilming is eigenlijk overbodig, dankzij Leigh Bardugo&#8217;s omschrijvingen zie ik het eigenlijk allemaal zo voor me.<\/p>\n<p>In &#8216;Dreiging en Duisternis&#8217; valt nog meer op dat Alina&#8217;s uitzonderlijke macht haar uniek maakt. Jammer genoeg zorgt het er ook voor dat ze zich eenzaam voelt ook al wordt ze omringd door vele mensen. Het is sowieso al moeilijk om de juiste keuzes te maken, maar het wordt er zeker niet makkelijker op wanneer het niet duidelijk is wat de juiste optie is \u00e9n je eigenlijk bij niemand terecht kan om je twijfels te uiten.<\/p>\n<p>Het gaat er door de dreigende omstandigheden allemaal wat ernstiger aan toe in dit boek, maar de introductie van nieuwe personages zorgt er meteen ook voor dat er toch nog steeds humor aanwezig is. Iets minder humor welteverstaan, maar verder lijkt alles wel in stijgende lijn toe te nemen. Het boek bevat een iets rustiger lopend onderdeel, maar toch lijkt &#8216;Dreiging en Duisternis&#8217; in zijn geheel nog meer spanning \u00e9n actie te bevatten. En dat woordje &#8216;meer&#8217; gebruik ik niet slechts \u00e9\u00e9n keer. &#8216;Dreiging en Duisternis&#8217; is zeker geen saai tussenstuk in aanloop van de ontknoping. In tegendeel Leigh Bardugo biedt haar lezen actie \u00e9n spanning, maar ook nieuwe personages, meer ontwikkelingen, meer inzicht, \u2026 en een Ravka waar niets onmogelijk lijkt.<\/p>\n<p>Eigenlijk vind ik dit tweede deel zelfs nog beter dan zijn voorganger en dat wil al wat zeggen vermits ik al ontzettend onder de indruk was van het startschot waarmee Leigh Bardugo haar Grisha-serie opende. Ik ben dan ook erg nieuwsgierig naar wat Alina &amp; Co nog te wachten staat.<\/p>\n","protected":false},"excerpt":{"rendered":"<p>&nbsp; Titel: Dreiging en Duisternis \u00a0 \u00a0 \u00a0 \u00a0 \u00a0 \u00a0 \u00a0 \u00a0 \u00a0 \u00a0 \u00a0 \u00a0\u00a0 (De Grisha, #2) Auteur: Leigh Bardugo Uitgeverij: Blossom Books 411p. \u201cOpgejaagd door het Eerste en Tweede Leger en achtervolgd door nare herinneringen, probeert Alina samen met Mal een nieuw leven op te bouwen in een onbekend land. Ze &hellip; <a href=\"https:\/\/www.zwartraafje.be\/blog\/2014\/12\/dreiging-en-duisternis-leigh-bardugo\/\" class=\"more-link\">Lees verder <span class=\"screen-reader-text\">Dreiging en Duisternis &#8211; Leigh Bardugo<\/span> <span class=\"meta-nav\">&rarr;<\/span><\/a><\/p>\n","protected":false},"author":1,"featured_media":0,"comment_status":"open","ping_status":"open","sticky":false,"template":"","format":"standard","meta":{"jetpack_post_was_ever_published":false,"_jetpack_newsletter_access":"","_jetpack_dont_email_post_to_subs":false,"_jetpack_newsletter_tier_id":0,"_jetpack_memberships_contains_paywalled_content":false,"_jetpack_memberships_contains_paid_content":false,"footnotes":"","jetpack_publicize_message":"","jetpack_publicize_feature_enabled":true,"jetpack_social_post_already_shared":false,"jetpack_social_options":{"image_generator_settings":{"template":"highway","default_image_id":0,"font":"","enabled":false},"version":2}},"categories":[51],"tags":[1303,499,556,1259,955,351,935,193,221,1289,1245,1294],"class_list":["post-3328","post","type-post","status-publish","format-standard","hentry","category-recensies","tag-avontuur","tag-blossom-books","tag-boekbespreking","tag-de-grisha","tag-dreiging-en-duisternis","tag-fantasy","tag-leigh-bardugo","tag-recensie","tag-review","tag-romantiek","tag-serie","tag-ya"],"jetpack_publicize_connections":[],"jetpack_featured_media_url":"","jetpack_sharing_enabled":true,"jetpack_shortlink":"https:\/\/wp.me\/p60yYB-RG","jetpack-related-posts":[{"id":3268,"url":"https:\/\/www.zwartraafje.be\/blog\/2014\/11\/schim-en-schaduw-leigh-bardugo\/","url_meta":{"origin":3328,"position":0},"title":"Schim en schaduw &#8211; Leigh Bardugo","author":"Zwartraafje","date":"27\/11\/2014","format":false,"excerpt":"\u00a0 Titel: Schim en Schaduw (Grisha, #1) Auteur: Leigh Bardugo Uitgeverij: Blossom Books 340 p. \u201cHet ooit zo rijke Ravka wordt sinds tientallen jaren in twee\u00ebn gedeeld door de Schaduwvlakte; een ondoorgrondelijke duisternis, vergeven van monsters die tieren op mensenvlees. Het lot van het land is onzeker. Alina Starkov is\u2026","rel":"","context":"In &quot;Recensies&quot;","block_context":{"text":"Recensies","link":"https:\/\/www.zwartraafje.be\/blog\/category\/recensies\/"},"img":{"alt_text":"schimenschaduw","src":"https:\/\/i0.wp.com\/www.zwartraafje.be\/blog\/wp-content\/uploads\/2014\/11\/schimenschaduw-188x300.jpg?resize=350%2C200&ssl=1","width":350,"height":200},"classes":[]},{"id":6428,"url":"https:\/\/www.zwartraafje.be\/blog\/2015\/12\/val-en-verlossing-leigh-bardugo\/","url_meta":{"origin":3328,"position":1},"title":"Val en Verlossing &#8211; Leigh Bardugo","author":"Zwartraafje","date":"29\/12\/2015","format":false,"excerpt":"Titel: Val en Verlossing (Grisha, #3) Auteur: Leigh Bardugo Uitgeverij: Blossom Books 391 p. \"Ravka is gevallen en de Duisterling regeert vanaf zijn schaduwtroon. De laatste hoop van het land is gevestigd op een krachteloze Lichtheerser, een uit de gratie gevallen spoorzoeker en de overblijfselen van een ooit zo sterk\u2026","rel":"","context":"In &quot;Recensies&quot;","block_context":{"text":"Recensies","link":"https:\/\/www.zwartraafje.be\/blog\/category\/recensies\/"},"img":{"alt_text":"","src":"https:\/\/i0.wp.com\/www.zwartraafje.be\/blog\/wp-content\/uploads\/2015\/12\/valenverlossing.jpg?resize=350%2C200&ssl=1","width":350,"height":200},"classes":[]},{"id":4680,"url":"https:\/\/www.zwartraafje.be\/blog\/2015\/05\/steeds-een-tikkeltje-meer\/","url_meta":{"origin":3328,"position":2},"title":"Steeds een tikkeltje meer","author":"Zwartraafje","date":"27\/05\/2015","format":false,"excerpt":"'Dit weekend heb ik nog eens goed kunnen doorlezen zodat mijn Goodreads-challenge weer 3 boeken dichterbij komt' ...\u00a0 'Zo weinig, ik heb er 6 gelezen'. Of \u2026 'Ik ben opnieuw met de Start to Run begonnen (voor alle duidelijk \u2013 dit is een fictief voorbeeld h\u00e9) en hoop binnenkort terug\u2026","rel":"","context":"In &quot;Titels&quot;","block_context":{"text":"Titels","link":"https:\/\/www.zwartraafje.be\/blog\/category\/titels\/"},"img":{"alt_text":"","src":"https:\/\/i0.wp.com\/www.zwartraafje.be\/blog\/wp-content\/uploads\/2015\/05\/koninkrijk.jpeg?resize=350%2C200&ssl=1","width":350,"height":200},"classes":[]},{"id":3558,"url":"https:\/\/www.zwartraafje.be\/blog\/2015\/01\/boekblogger-enquete-2014-12\/","url_meta":{"origin":3328,"position":3},"title":"Boekblogger Enquete 2014: 1\/2","author":"Zwartraafje","date":"04\/01\/2015","format":false,"excerpt":"Net als vorig jaar organiseert Joany van Craving Pages ook dit eindejaar haar Boekblogger Enquete. Afgelopen jaar wisten deze vragen me al aan het denken te zetten. Ook bij deze tweede editie is dit het geval. Sommige vragen zijn echt leuk om bij stil te staan, anderen zijn net ontzettend\u2026","rel":"","context":"In &quot;Boeken&quot;","block_context":{"text":"Boeken","link":"https:\/\/www.zwartraafje.be\/blog\/category\/boeken\/"},"img":{"alt_text":"","src":"https:\/\/i0.wp.com\/www.zwartraafje.be\/blog\/wp-content\/uploads\/2017\/08\/IMG_20170805_084456_369-e1503752827698.jpg?resize=350%2C200&ssl=1","width":350,"height":200},"classes":[]},{"id":3694,"url":"https:\/\/www.zwartraafje.be\/blog\/2015\/01\/mooiste-boekcovers-van-2014\/","url_meta":{"origin":3328,"position":4},"title":"Mooiste boekcovers van 2014","author":"Zwartraafje","date":"23\/01\/2015","format":false,"excerpt":"Ondertussen is het wel duidelijk dat ook 2015 in recordtijd lijkt voorbij te vliegen. Het einde van de eerste maand in dit nieuwe jaar is immers alweer in zicht. Toch ben ik nog steeds van plan om jullie enkele boekenlijstjes voor te schotelen. Bijvoorbeeld dit exemplaar met de mooiste covers\u2026","rel":"","context":"In &quot;Boeken&quot;","block_context":{"text":"Boeken","link":"https:\/\/www.zwartraafje.be\/blog\/category\/boeken\/"},"img":{"alt_text":"","src":"https:\/\/i0.wp.com\/www.zwartraafje.be\/blog\/wp-content\/uploads\/2015\/01\/mooiecovers2014ongelezen2.jpeg?resize=350%2C200&ssl=1","width":350,"height":200,"srcset":"https:\/\/i0.wp.com\/www.zwartraafje.be\/blog\/wp-content\/uploads\/2015\/01\/mooiecovers2014ongelezen2.jpeg?resize=350%2C200&ssl=1 1x, https:\/\/i0.wp.com\/www.zwartraafje.be\/blog\/wp-content\/uploads\/2015\/01\/mooiecovers2014ongelezen2.jpeg?resize=525%2C300&ssl=1 1.5x, https:\/\/i0.wp.com\/www.zwartraafje.be\/blog\/wp-content\/uploads\/2015\/01\/mooiecovers2014ongelezen2.jpeg?resize=700%2C400&ssl=1 2x"},"classes":[]},{"id":3578,"url":"https:\/\/www.zwartraafje.be\/blog\/2015\/01\/gelezen-in-december\/","url_meta":{"origin":3328,"position":5},"title":"Gelezen in December","author":"Zwartraafje","date":"01\/01\/2015","format":false,"excerpt":"Een nieuwe maand \u00e9n in dit geval meteen ook het nieuwe jaar, zet ik volgens traditie in met een terugblik op de boeken die ik de afgelopen maand gelezen heb. Jammer genoeg bleek december een heel drukke maand te worden waardoor er niet zoveel leestijd overbleef. Een hele hoop zelfgemaakte\u2026","rel":"","context":"In &quot;Gelezen in&quot;","block_context":{"text":"Gelezen in","link":"https:\/\/www.zwartraafje.be\/blog\/category\/gelezen-in\/"},"img":{"alt_text":"gelezenindecember","src":"https:\/\/i0.wp.com\/www.zwartraafje.be\/blog\/wp-content\/uploads\/2014\/12\/gelezenindecember.jpeg?resize=350%2C200&ssl=1","width":350,"height":200},"classes":[]}],"jetpack_likes_enabled":true,"_links":{"self":[{"href":"https:\/\/www.zwartraafje.be\/blog\/wp-json\/wp\/v2\/posts\/3328","targetHints":{"allow":["GET"]}}],"collection":[{"href":"https:\/\/www.zwartraafje.be\/blog\/wp-json\/wp\/v2\/posts"}],"about":[{"href":"https:\/\/www.zwartraafje.be\/blog\/wp-json\/wp\/v2\/types\/post"}],"author":[{"embeddable":true,"href":"https:\/\/www.zwartraafje.be\/blog\/wp-json\/wp\/v2\/users\/1"}],"replies":[{"embeddable":true,"href":"https:\/\/www.zwartraafje.be\/blog\/wp-json\/wp\/v2\/comments?post=3328"}],"version-history":[{"count":1,"href":"https:\/\/www.zwartraafje.be\/blog\/wp-json\/wp\/v2\/posts\/3328\/revisions"}],"predecessor-version":[{"id":3330,"href":"https:\/\/www.zwartraafje.be\/blog\/wp-json\/wp\/v2\/posts\/3328\/revisions\/3330"}],"wp:attachment":[{"href":"https:\/\/www.zwartraafje.be\/blog\/wp-json\/wp\/v2\/media?parent=3328"}],"wp:term":[{"taxonomy":"category","embeddable":true,"href":"https:\/\/www.zwartraafje.be\/blog\/wp-json\/wp\/v2\/categories?post=3328"},{"taxonomy":"post_tag","embeddable":true,"href":"https:\/\/www.zwartraafje.be\/blog\/wp-json\/wp\/v2\/tags?post=3328"}],"curies":[{"name":"wp","href":"https:\/\/api.w.org\/{rel}","templated":true}]}}