{"id":2494,"date":"2014-09-09T13:56:13","date_gmt":"2014-09-09T11:56:13","guid":{"rendered":"http:\/\/www.zwartraafje.be\/blog\/?p=2494"},"modified":"2015-03-26T13:46:06","modified_gmt":"2015-03-26T12:46:06","slug":"foto-update-16","status":"publish","type":"post","link":"https:\/\/www.zwartraafje.be\/blog\/2014\/09\/foto-update-16\/","title":{"rendered":"Foto-update #16"},"content":{"rendered":"<p><a href=\"https:\/\/www.zwartraafje.be\/blog\/wp-content\/uploads\/2014\/09\/fotoupdate1.jpg\"><img loading=\"lazy\" decoding=\"async\" class=\"alignleft wp-image-2495 \" src=\"https:\/\/www.zwartraafje.be\/blog\/wp-content\/uploads\/2014\/09\/fotoupdate1-300x199.jpg\" alt=\"fotoupdate1\" width=\"283\" height=\"188\" srcset=\"https:\/\/www.zwartraafje.be\/blog\/wp-content\/uploads\/2014\/09\/fotoupdate1-300x199.jpg 300w, https:\/\/www.zwartraafje.be\/blog\/wp-content\/uploads\/2014\/09\/fotoupdate1.jpg 1000w\" sizes=\"auto, (max-width: 283px) 100vw, 283px\" \/><\/a>Stilletjes aan begin ik het gewoon te worden om af en toe mijn fototoestel boven te halen. Het helpt natuurlijk wel dat ik gewoon mijn gsm gebruik en die dus vrijwel altijd bij de hand heb wanneer ik een foto wil trekken. Op die manier krijg ik vanzelfsprekend ook meer foto&#8217;s bij elkaar voor die wekelijke updates. Kijken jullie weer even mee?<\/p>\n<p><!--more--><\/p>\n<p><a href=\"https:\/\/www.zwartraafje.be\/blog\/wp-content\/uploads\/2014\/09\/2014-08-29-19.06.05.jpg\"><img loading=\"lazy\" decoding=\"async\" class=\"alignright wp-image-2496 \" src=\"https:\/\/www.zwartraafje.be\/blog\/wp-content\/uploads\/2014\/09\/2014-08-29-19.06.05-300x225.jpg\" alt=\"2014-08-29 19.06.05\" width=\"257\" height=\"193\" srcset=\"https:\/\/www.zwartraafje.be\/blog\/wp-content\/uploads\/2014\/09\/2014-08-29-19.06.05-300x225.jpg 300w, https:\/\/www.zwartraafje.be\/blog\/wp-content\/uploads\/2014\/09\/2014-08-29-19.06.05-1024x768.jpg 1024w, https:\/\/www.zwartraafje.be\/blog\/wp-content\/uploads\/2014\/09\/2014-08-29-19.06.05.jpg 2048w\" sizes=\"auto, (max-width: 257px) 100vw, 257px\" \/><\/a>Het is niet voldoende om receptjes uit de Allerhande te knippen natuurlijk. Vroeger bleef het vaak daar bij, zodat ik op de duur een massa recepten had maar niet wist welke recepten nu ook effectief lekker waren. Daarom tracht ik ze de laatste jaren zo snel mogelijk uit te proberen. Dit str\u00fcdel-achtige recept met zalm, spinazie en kruidenboter was alleszins erg lekker. Al is het niet echt iets dat ik regelmatig zal klaarmaken. Binnenkort toch maar eens opnieuw naar Albert Heijn gaan,want het boekje van september heb ik nog niet in mijn bezig.<\/p>\n<p><a href=\"https:\/\/www.zwartraafje.be\/blog\/wp-content\/uploads\/2014\/09\/2014-08-30-13.04.39.jpg\"><img loading=\"lazy\" decoding=\"async\" class=\"alignleft wp-image-2497 \" src=\"https:\/\/www.zwartraafje.be\/blog\/wp-content\/uploads\/2014\/09\/2014-08-30-13.04.39-225x300.jpg\" alt=\"2014-08-30 13.04.39\" width=\"177\" height=\"236\" srcset=\"https:\/\/www.zwartraafje.be\/blog\/wp-content\/uploads\/2014\/09\/2014-08-30-13.04.39-225x300.jpg 225w, https:\/\/www.zwartraafje.be\/blog\/wp-content\/uploads\/2014\/09\/2014-08-30-13.04.39.jpg 450w\" sizes=\"auto, (max-width: 177px) 100vw, 177px\" \/><\/a>Dit boek gelukkig wel. Een tijdje geleden had ik nog maar net tegen mijn echtgenoot gezegd dat ik aan mijn eigen collectie kon beginnen (vermits ik al het recensiemateriaal had verwerkt) toen de postbode aan de deur stond met nieuwe bevoorrading. Mijn allereerste Rachel Gibson \u00e9n die viel gelukkig heel goed mee.<\/p>\n<p>&nbsp;<\/p>\n<p><a href=\"https:\/\/www.zwartraafje.be\/blog\/wp-content\/uploads\/2014\/09\/2014-08-30-20.53.03.jpg\"><img loading=\"lazy\" decoding=\"async\" class=\"alignright wp-image-2498 \" src=\"https:\/\/www.zwartraafje.be\/blog\/wp-content\/uploads\/2014\/09\/2014-08-30-20.53.03-300x225.jpg\" alt=\"2014-08-30 20.53.03\" width=\"280\" height=\"210\" srcset=\"https:\/\/www.zwartraafje.be\/blog\/wp-content\/uploads\/2014\/09\/2014-08-30-20.53.03-300x225.jpg 300w, https:\/\/www.zwartraafje.be\/blog\/wp-content\/uploads\/2014\/09\/2014-08-30-20.53.03-1024x768.jpg 1024w, https:\/\/www.zwartraafje.be\/blog\/wp-content\/uploads\/2014\/09\/2014-08-30-20.53.03.jpg 2048w\" sizes=\"auto, (max-width: 280px) 100vw, 280px\" \/><\/a>Vermits het al wat sneller donder wordt &#8217;s avonds \u00e9n het die avond echt wel fris aanvoelde, vond ik dat ik een beetje op de feiten mocht vooruitlopen. Dus besloot ik alvast het doosje thee te openen dat mijn nicht voor me had meegenomen. Thee + boek + zetel = gelukkig zwartraafje!<\/p>\n<p><a href=\"https:\/\/www.zwartraafje.be\/blog\/wp-content\/uploads\/2014\/09\/2014-08-30-20.53.46.jpg\"><img loading=\"lazy\" decoding=\"async\" class=\"alignleft wp-image-2499 \" src=\"https:\/\/www.zwartraafje.be\/blog\/wp-content\/uploads\/2014\/09\/2014-08-30-20.53.46-300x225.jpg\" alt=\"2014-08-30 20.53.46\" width=\"249\" height=\"187\" srcset=\"https:\/\/www.zwartraafje.be\/blog\/wp-content\/uploads\/2014\/09\/2014-08-30-20.53.46-300x225.jpg 300w, https:\/\/www.zwartraafje.be\/blog\/wp-content\/uploads\/2014\/09\/2014-08-30-20.53.46-1024x768.jpg 1024w, https:\/\/www.zwartraafje.be\/blog\/wp-content\/uploads\/2014\/09\/2014-08-30-20.53.46.jpg 2048w\" sizes=\"auto, (max-width: 249px) 100vw, 249px\" \/><\/a>Deze versgeplukte frambozen die ik van mijn schoonouders kreeg hadden hetzelfde effect. Gelukkig was het toen weer opnieuw wat warmer, al krijg ik eigenlijk sowieso een zomers gevoel bij het zien van dit lekkere fruit. Zonde om ergens in te verwerken, vermits ze al zo lekker zijn op zichzelf.<\/p>\n<p><a href=\"https:\/\/www.zwartraafje.be\/blog\/wp-content\/uploads\/2014\/09\/2014-08-31-18.06.42.jpg\"><img loading=\"lazy\" decoding=\"async\" class=\"alignright wp-image-2500 \" src=\"https:\/\/www.zwartraafje.be\/blog\/wp-content\/uploads\/2014\/09\/2014-08-31-18.06.42-300x225.jpg\" alt=\"2014-08-31 18.06.42\" width=\"251\" height=\"188\" srcset=\"https:\/\/www.zwartraafje.be\/blog\/wp-content\/uploads\/2014\/09\/2014-08-31-18.06.42-300x225.jpg 300w, https:\/\/www.zwartraafje.be\/blog\/wp-content\/uploads\/2014\/09\/2014-08-31-18.06.42.jpg 600w\" sizes=\"auto, (max-width: 251px) 100vw, 251px\" \/><\/a>Zelf deze Macaroni Primavera uit het &#8216;Zuiders koken in 30min.&#8217;-kookboekje van Femma wel lekker. Er gingen veel groenten in dus was hij naast lekker ook nog eens gezond.<\/p>\n<p>&nbsp;<\/p>\n<p><a href=\"https:\/\/www.zwartraafje.be\/blog\/wp-content\/uploads\/2014\/09\/2014-09-01-14.50.04.jpg\"><img loading=\"lazy\" decoding=\"async\" class=\"alignleft wp-image-2501 \" src=\"https:\/\/www.zwartraafje.be\/blog\/wp-content\/uploads\/2014\/09\/2014-09-01-14.50.04-300x225.jpg\" alt=\"2014-09-01 14.50.04\" width=\"277\" height=\"208\" srcset=\"https:\/\/www.zwartraafje.be\/blog\/wp-content\/uploads\/2014\/09\/2014-09-01-14.50.04-300x225.jpg 300w, https:\/\/www.zwartraafje.be\/blog\/wp-content\/uploads\/2014\/09\/2014-09-01-14.50.04.jpg 600w\" sizes=\"auto, (max-width: 277px) 100vw, 277px\" \/><\/a>Iets minder &#8216;gezond&#8217; waren de recepten uit het boekje met Mug Cakes. Niet dat dit me tegenhield, de afgelopen week heb ik er enkele versies van uitgeprobeerd en het resultaat daarvan zie je binnenkort in mijn recensie verschijnen. Ook de recensie van Finale (en Verkeerd verbonden) verschijnen binnenkort op de blog.<\/p>\n<p><a href=\"https:\/\/www.zwartraafje.be\/blog\/wp-content\/uploads\/2014\/09\/2014-09-01-14.50.22.jpg\"><img loading=\"lazy\" decoding=\"async\" class=\"alignright wp-image-2502 \" src=\"https:\/\/www.zwartraafje.be\/blog\/wp-content\/uploads\/2014\/09\/2014-09-01-14.50.22-300x225.jpg\" alt=\"2014-09-01 14.50.22\" width=\"247\" height=\"185\" srcset=\"https:\/\/www.zwartraafje.be\/blog\/wp-content\/uploads\/2014\/09\/2014-09-01-14.50.22-300x225.jpg 300w, https:\/\/www.zwartraafje.be\/blog\/wp-content\/uploads\/2014\/09\/2014-09-01-14.50.22.jpg 600w\" sizes=\"auto, (max-width: 247px) 100vw, 247px\" \/><\/a>Ik kreeg echter nog een andere aangename verrassing via de post. Het najaarsaanbod van LS Amsterdam. Ja hoor, ik ben zonder twijfel een fan van al die uitgeverscatalogi. Laat mij maar watertanden bij de nieuwe boeken die gaan uitkomen in plaats van de La Redoute-herfstcollectie. Enkele boeken waar ik naar uit kijk? Het Rosie Effect, Penryn en de nieuwe wereld, Drakentovenaar, Jenna (Middernacht-reeks), \u2026<\/p>\n<p><a href=\"https:\/\/www.zwartraafje.be\/blog\/wp-content\/uploads\/2014\/09\/2014-09-01-18.44.11.jpg\"><img loading=\"lazy\" decoding=\"async\" class=\"alignleft wp-image-2503 \" src=\"https:\/\/www.zwartraafje.be\/blog\/wp-content\/uploads\/2014\/09\/2014-09-01-18.44.11-300x225.jpg\" alt=\"2014-09-01 18.44.11\" width=\"271\" height=\"203\" srcset=\"https:\/\/www.zwartraafje.be\/blog\/wp-content\/uploads\/2014\/09\/2014-09-01-18.44.11-300x225.jpg 300w, https:\/\/www.zwartraafje.be\/blog\/wp-content\/uploads\/2014\/09\/2014-09-01-18.44.11-1024x768.jpg 1024w, https:\/\/www.zwartraafje.be\/blog\/wp-content\/uploads\/2014\/09\/2014-09-01-18.44.11.jpg 2048w\" sizes=\"auto, (max-width: 271px) 100vw, 271px\" \/><\/a>Het nadeel van een kleine diepvries is dat je binnen de kortste keren met een plaatsgebrek zit. Het voordeel is dat ik dit snel kon verhelpen door een aantal groentenrestjes om te toveren in soep. Lekker \u00e9n dieetvriendelijk. Eigenlijk zou ik gewoon altijd zo&#8217;n grote pot soep binnen handbereik hebben. \ud83d\ude09<\/p>\n<p><a href=\"https:\/\/www.zwartraafje.be\/blog\/wp-content\/uploads\/2014\/09\/2014-09-02-19.42.13.jpg\"><img loading=\"lazy\" decoding=\"async\" class=\"alignright wp-image-2504 \" src=\"https:\/\/www.zwartraafje.be\/blog\/wp-content\/uploads\/2014\/09\/2014-09-02-19.42.13-225x300.jpg\" alt=\"2014-09-02 19.42.13\" width=\"187\" height=\"249\" srcset=\"https:\/\/www.zwartraafje.be\/blog\/wp-content\/uploads\/2014\/09\/2014-09-02-19.42.13-225x300.jpg 225w, https:\/\/www.zwartraafje.be\/blog\/wp-content\/uploads\/2014\/09\/2014-09-02-19.42.13-768x1024.jpg 768w, https:\/\/www.zwartraafje.be\/blog\/wp-content\/uploads\/2014\/09\/2014-09-02-19.42.13.jpg 1536w\" sizes=\"auto, (max-width: 187px) 100vw, 187px\" \/><\/a>Onlangs werd de winnaar van de bladwijzer-giveaway bekendgemaakt. Al snel wist ik dat haar lievelingskleur blauw is en kon ik aan de slag zodat de prijs snel verzonden kon worden. Blijkbaar kwam hij ook vlug aan, want wat later vond ik deze leuke foto in mijn inbox. Blijkbaar kwam hij niet enkel goed van pas, maar waren we vrijwel tegelijkertijd hetzelfde boek aan het lezen.<\/p>\n<p style=\"text-align: center;\"><a href=\"https:\/\/www.zwartraafje.be\/blog\/wp-content\/uploads\/2014\/09\/10615582_10203140884775216_886700156070200533_n.jpg\"><img loading=\"lazy\" decoding=\"async\" class=\"alignnone size-medium wp-image-2505\" src=\"https:\/\/www.zwartraafje.be\/blog\/wp-content\/uploads\/2014\/09\/10615582_10203140884775216_886700156070200533_n-300x225.jpg\" alt=\"10615582_10203140884775216_886700156070200533_n\" width=\"300\" height=\"225\" srcset=\"https:\/\/www.zwartraafje.be\/blog\/wp-content\/uploads\/2014\/09\/10615582_10203140884775216_886700156070200533_n-300x225.jpg 300w, https:\/\/www.zwartraafje.be\/blog\/wp-content\/uploads\/2014\/09\/10615582_10203140884775216_886700156070200533_n.jpg 960w\" sizes=\"auto, (max-width: 300px) 100vw, 300px\" \/><\/a><\/p>\n<p><a href=\"https:\/\/www.zwartraafje.be\/blog\/wp-content\/uploads\/2014\/09\/2014-09-04-17.52.36.jpg\"><img loading=\"lazy\" decoding=\"async\" class=\"alignleft wp-image-2506 \" src=\"https:\/\/www.zwartraafje.be\/blog\/wp-content\/uploads\/2014\/09\/2014-09-04-17.52.36-300x225.jpg\" alt=\"2014-09-04 17.52.36\" width=\"263\" height=\"197\" srcset=\"https:\/\/www.zwartraafje.be\/blog\/wp-content\/uploads\/2014\/09\/2014-09-04-17.52.36-300x225.jpg 300w, https:\/\/www.zwartraafje.be\/blog\/wp-content\/uploads\/2014\/09\/2014-09-04-17.52.36-1024x768.jpg 1024w, https:\/\/www.zwartraafje.be\/blog\/wp-content\/uploads\/2014\/09\/2014-09-04-17.52.36.jpg 2048w\" sizes=\"auto, (max-width: 263px) 100vw, 263px\" \/><\/a>Een boek waar bovendien ook nog \u00e9\u00e9n van mijn mede-blogsters mooi op de achterkant staat te pronken. Het lijkt me heerlijk om onverwachts een quote uit \u00e9\u00e9n van je recensies aan te treffen. Net als Joany heb ik ook van deze reeks genoten, inclusief dit derde en laatste deel.<\/p>\n<p><strong>Ik begin alvast opnieuw foto&#8217;s te verzamelen tegen volgende week. Tot dan!<\/strong><\/p>\n","protected":false},"excerpt":{"rendered":"<p>Stilletjes aan begin ik het gewoon te worden om af en toe mijn fototoestel boven te halen. Het helpt natuurlijk wel dat ik gewoon mijn gsm gebruik en die dus vrijwel altijd bij de hand heb wanneer ik een foto wil trekken. Op die manier krijg ik vanzelfsprekend ook meer foto&#8217;s bij elkaar voor die &hellip; <a href=\"https:\/\/www.zwartraafje.be\/blog\/2014\/09\/foto-update-16\/\" class=\"more-link\">Lees verder <span class=\"screen-reader-text\">Foto-update #16<\/span> <span class=\"meta-nav\">&rarr;<\/span><\/a><\/p>\n","protected":false},"author":1,"featured_media":0,"comment_status":"open","ping_status":"open","sticky":false,"template":"","format":"standard","meta":{"jetpack_post_was_ever_published":false,"_jetpack_newsletter_access":"","_jetpack_dont_email_post_to_subs":false,"_jetpack_newsletter_tier_id":0,"_jetpack_memberships_contains_paywalled_content":false,"_jetpack_memberships_contains_paid_content":false,"footnotes":"","jetpack_publicize_message":"","jetpack_publicize_feature_enabled":true,"jetpack_social_post_already_shared":false,"jetpack_social_options":{"image_generator_settings":{"template":"highway","default_image_id":0,"font":"","enabled":false},"version":2}},"categories":[379],"tags":[345,1227,593,9,1264,595,1245],"class_list":["post-2494","post","type-post","status-publish","format-standard","hentry","category-foto-update","tag-boeken-2","tag-culinair","tag-finale","tag-kookboeken","tag-legend","tag-marie-lu","tag-serie"],"jetpack_publicize_connections":[],"jetpack_featured_media_url":"","jetpack_sharing_enabled":true,"jetpack_shortlink":"https:\/\/wp.me\/p60yYB-Ee","jetpack-related-posts":[{"id":9402,"url":"https:\/\/www.zwartraafje.be\/blog\/2016\/10\/foto-update-81\/","url_meta":{"origin":2494,"position":0},"title":"Foto-update #81","author":"Zwartraafje","date":"19\/10\/2016","format":false,"excerpt":"Sinds ik deze foto-update door een drukkere blog-planning slechts tweewekelijks post, staat er hier doorgaans een heel aantal foto\u2019s op jullie te wachten. Ook de voorbije twee weken heb ik weer wat foto\u2019s voor jullie verzameld. Hopelijk vinden jullie het leuk om te zien wat ik naast lezen nog allemaal\u2026","rel":"","context":"In &quot;Foto-update&quot;","block_context":{"text":"Foto-update","link":"https:\/\/www.zwartraafje.be\/blog\/category\/foto-update\/"},"img":{"alt_text":"","src":"https:\/\/i0.wp.com\/www.zwartraafje.be\/blog\/wp-content\/uploads\/2016\/10\/20161011_124749-e1476624733284.jpg?resize=350%2C200&ssl=1","width":350,"height":200,"srcset":"https:\/\/i0.wp.com\/www.zwartraafje.be\/blog\/wp-content\/uploads\/2016\/10\/20161011_124749-e1476624733284.jpg?resize=350%2C200&ssl=1 1x, https:\/\/i0.wp.com\/www.zwartraafje.be\/blog\/wp-content\/uploads\/2016\/10\/20161011_124749-e1476624733284.jpg?resize=525%2C300&ssl=1 1.5x"},"classes":[]},{"id":1859,"url":"https:\/\/www.zwartraafje.be\/blog\/2014\/07\/foto-update-verjaardags-editie\/","url_meta":{"origin":2494,"position":1},"title":"Foto-update: verjaardags-editie","author":"Zwartraafje","date":"08\/07\/2014","format":false,"excerpt":"Eigenlijk is het dit keer geen gewone foto-update maar een heuse verjaardag-special. Afgelopen week was ik immers jarig en zondag had ik een feestje met de familie om dit te vieren. Kijk gerust even mee ... \u00a0 Iedereen heeft waarschijnlijk zijn eigen reden om uit te kijken naar een verjaardag.\u2026","rel":"","context":"In &quot;Foto-update&quot;","block_context":{"text":"Foto-update","link":"https:\/\/www.zwartraafje.be\/blog\/category\/foto-update\/"},"img":{"alt_text":"fotoupdate1","src":"https:\/\/i0.wp.com\/www.zwartraafje.be\/blog\/wp-content\/uploads\/2014\/09\/fotoupdate1-300x199.jpg?resize=350%2C200&ssl=1","width":350,"height":200},"classes":[]},{"id":14506,"url":"https:\/\/www.zwartraafje.be\/blog\/2018\/07\/foto-update-125\/","url_meta":{"origin":2494,"position":2},"title":"Foto-update #125","author":"Zwartraafje","date":"29\/07\/2018","format":false,"excerpt":"Sinds ik deze foto-update door een drukkere blog-planning slechts tweewekelijks post, staat er hier doorgaans een heel aantal foto\u2019s op jullie te wachten. Ook de voorbije twee weken heb ik weer wat foto\u2019s voor jullie verzameld. Hopelijk vinden jullie het leuk om te zien wat ik naast lezen nog allemaal\u2026","rel":"","context":"In &quot;Foto-update&quot;","block_context":{"text":"Foto-update","link":"https:\/\/www.zwartraafje.be\/blog\/category\/foto-update\/"},"img":{"alt_text":"","src":"https:\/\/i0.wp.com\/www.zwartraafje.be\/blog\/wp-content\/uploads\/2018\/07\/IMG-20180724-WA0014-e1532594842682.jpg?resize=350%2C200&ssl=1","width":350,"height":200},"classes":[]},{"id":15475,"url":"https:\/\/www.zwartraafje.be\/blog\/2018\/12\/foto-update-135\/","url_meta":{"origin":2494,"position":3},"title":"Foto-update #135","author":"Zwartraafje","date":"16\/12\/2018","format":false,"excerpt":"Sinds ik deze foto-update door een drukkere blog-planning slechts tweewekelijks post, staat er hier doorgaans een heel aantal foto\u2019s op jullie te wachten. Ook de voorbije twee weken heb ik weer wat foto\u2019s voor jullie verzameld. Hopelijk vinden jullie het leuk om te zien wat ik naast lezen nog allemaal\u2026","rel":"","context":"In &quot;Foto-update&quot;","block_context":{"text":"Foto-update","link":"https:\/\/www.zwartraafje.be\/blog\/category\/foto-update\/"},"img":{"alt_text":"","src":"https:\/\/i0.wp.com\/www.zwartraafje.be\/blog\/wp-content\/uploads\/2018\/12\/IMG-20181209-WA0002-e1544887015578.jpg?resize=350%2C200&ssl=1","width":350,"height":200},"classes":[]},{"id":9850,"url":"https:\/\/www.zwartraafje.be\/blog\/2016\/12\/foto-update-84\/","url_meta":{"origin":2494,"position":4},"title":"Foto-update #84","author":"Zwartraafje","date":"18\/12\/2016","format":false,"excerpt":"Sinds ik deze foto-update door een drukkere blog-planning slechts tweewekelijks post, staat er hier doorgaans een heel aantal foto\u2019s op jullie te wachten. Ook de voorbije twee weken heb ik weer wat foto\u2019s voor jullie verzameld. Hopelijk vinden jullie het leuk om te zien wat ik naast lezen nog allemaal\u2026","rel":"","context":"In &quot;Foto-update&quot;","block_context":{"text":"Foto-update","link":"https:\/\/www.zwartraafje.be\/blog\/category\/foto-update\/"},"img":{"alt_text":"","src":"https:\/\/i0.wp.com\/www.zwartraafje.be\/blog\/wp-content\/uploads\/2016\/12\/20161210_132114-e1481399980690.jpg?resize=350%2C200&ssl=1","width":350,"height":200},"classes":[]},{"id":13214,"url":"https:\/\/www.zwartraafje.be\/blog\/2018\/02\/foto-update-113\/","url_meta":{"origin":2494,"position":5},"title":"Foto-update #113","author":"Zwartraafje","date":"11\/02\/2018","format":false,"excerpt":"Sinds ik deze foto-update door een drukkere blog-planning slechts tweewekelijks post, staat er hier doorgaans een heel aantal foto\u2019s op jullie te wachten. Ook de voorbije twee weken heb ik weer wat foto\u2019s voor jullie verzameld. Hopelijk vinden jullie het leuk om te zien wat ik naast lezen nog allemaal\u2026","rel":"","context":"In &quot;Foto-update&quot;","block_context":{"text":"Foto-update","link":"https:\/\/www.zwartraafje.be\/blog\/category\/foto-update\/"},"img":{"alt_text":"","src":"https:\/\/i0.wp.com\/www.zwartraafje.be\/blog\/wp-content\/uploads\/2018\/02\/20180207_150417.jpg?resize=350%2C200&ssl=1","width":350,"height":200,"srcset":"https:\/\/i0.wp.com\/www.zwartraafje.be\/blog\/wp-content\/uploads\/2018\/02\/20180207_150417.jpg?resize=350%2C200&ssl=1 1x, https:\/\/i0.wp.com\/www.zwartraafje.be\/blog\/wp-content\/uploads\/2018\/02\/20180207_150417.jpg?resize=525%2C300&ssl=1 1.5x"},"classes":[]}],"jetpack_likes_enabled":true,"_links":{"self":[{"href":"https:\/\/www.zwartraafje.be\/blog\/wp-json\/wp\/v2\/posts\/2494","targetHints":{"allow":["GET"]}}],"collection":[{"href":"https:\/\/www.zwartraafje.be\/blog\/wp-json\/wp\/v2\/posts"}],"about":[{"href":"https:\/\/www.zwartraafje.be\/blog\/wp-json\/wp\/v2\/types\/post"}],"author":[{"embeddable":true,"href":"https:\/\/www.zwartraafje.be\/blog\/wp-json\/wp\/v2\/users\/1"}],"replies":[{"embeddable":true,"href":"https:\/\/www.zwartraafje.be\/blog\/wp-json\/wp\/v2\/comments?post=2494"}],"version-history":[{"count":1,"href":"https:\/\/www.zwartraafje.be\/blog\/wp-json\/wp\/v2\/posts\/2494\/revisions"}],"predecessor-version":[{"id":2507,"href":"https:\/\/www.zwartraafje.be\/blog\/wp-json\/wp\/v2\/posts\/2494\/revisions\/2507"}],"wp:attachment":[{"href":"https:\/\/www.zwartraafje.be\/blog\/wp-json\/wp\/v2\/media?parent=2494"}],"wp:term":[{"taxonomy":"category","embeddable":true,"href":"https:\/\/www.zwartraafje.be\/blog\/wp-json\/wp\/v2\/categories?post=2494"},{"taxonomy":"post_tag","embeddable":true,"href":"https:\/\/www.zwartraafje.be\/blog\/wp-json\/wp\/v2\/tags?post=2494"}],"curies":[{"name":"wp","href":"https:\/\/api.w.org\/{rel}","templated":true}]}}