{"id":17675,"date":"2020-01-03T07:50:28","date_gmt":"2020-01-03T06:50:28","guid":{"rendered":"https:\/\/www.zwartraafje.be\/blog\/?p=17675"},"modified":"2020-01-02T16:54:41","modified_gmt":"2020-01-02T15:54:41","slug":"mijn-boekenkast-in-cijfers-5-2019","status":"publish","type":"post","link":"https:\/\/www.zwartraafje.be\/blog\/2020\/01\/mijn-boekenkast-in-cijfers-5-2019\/","title":{"rendered":"Mijn boekenkast in cijfers #5: 2019"},"content":{"rendered":"<p><a href=\"https:\/\/www.zwartraafje.be\/blog\/wp-content\/uploads\/2015\/09\/mijnboekenkastincijfers.jpeg\"><img loading=\"lazy\" decoding=\"async\" class=\"alignleft wp-image-5551 \" src=\"https:\/\/www.zwartraafje.be\/blog\/wp-content\/uploads\/2015\/09\/mijnboekenkastincijfers.jpeg\" alt=\"\" width=\"353\" height=\"353\" srcset=\"https:\/\/www.zwartraafje.be\/blog\/wp-content\/uploads\/2015\/09\/mijnboekenkastincijfers.jpeg 500w, https:\/\/www.zwartraafje.be\/blog\/wp-content\/uploads\/2015\/09\/mijnboekenkastincijfers-150x150.jpeg 150w, https:\/\/www.zwartraafje.be\/blog\/wp-content\/uploads\/2015\/09\/mijnboekenkastincijfers-300x300.jpeg 300w\" sizes=\"auto, (max-width: 353px) 100vw, 353px\" \/><\/a>Normaal probeer ik jullie telkens in het najaar de inhoud van mijn boeken-kasten in cijfers voor te schotelen. De ene keer doe ik dat vrij snel, een andere keer wat later. In 2018 verscheen mijn overzicht al met wat vertraging. Die van 2019 heeft zelfs zoveel vertraging dat hij pas in 2020 verschijnt.<\/p>\n<p><!--more--><\/p>\n<p style=\"text-align: center;\">Ik denk telkens dat het aantal wat lager gaat liggen vermits ik steeds vaker afscheid neem van boeken. Alleen lijkt het uiteindelijk meestal uit te draaien op een nuloperatie doordat er ook telkens nieuwe aanwinsten bijkomen. Mijn bibliotheek ziet er dus ieder jaar een beetje anders uit. Zo viel het me in 2018 op dat de verhouding tussen Nederlandstalige en Engelstalige boeken steeds kleiner werd en in 2019 ging ik blijkbaar zelfs nog een stapje verder.<\/p>\n<p style=\"text-align: center;\">De kasten zelf zijn echter nog steeds hetzelfde. Aan de ene muur zijn ze in totaal <span style=\"color: #3366ff;\">4 <span style=\"color: #333333;\">meter breed en<\/span> 2m37<\/span> hoog. Aan de overzijde staat een lagere opstelling van <span style=\"color: #3366ff;\">2m <span style=\"color: #333333;\">breed<\/span><\/span>.<\/p>\n<p style=\"text-align: center;\"><a href=\"https:\/\/www.zwartraafje.be\/blog\/wp-content\/uploads\/2018\/11\/IMG_20181115_094016_128-e1542888528782.jpg\"><img loading=\"lazy\" decoding=\"async\" class=\"alignnone wp-image-15344 \" src=\"https:\/\/www.zwartraafje.be\/blog\/wp-content\/uploads\/2018\/11\/IMG_20181115_094016_128-e1542888528782.jpg\" alt=\"\" width=\"439\" height=\"439\" \/><\/a><\/p>\n<p style=\"text-align: center;\">In totaal staan er <span style=\"color: #3366ff;\">9 <span style=\"color: #333333;\">kasten (<\/span>6 <span style=\"color: #333333;\">brede &amp;<\/span> 3 <span style=\"color: #333333;\">smalle)<\/span><\/span> en <span style=\"color: #3366ff;\">6 <span style=\"color: #333333;\">onmisbare opzetstukken<\/span><\/span><span style=\"color: #333333;\">.<\/span> Samen zijn dat zo\u2019n <span style=\"color: #3366ff;\">51 <span style=\"color: #333333;\">planken<\/span><\/span> waarvan de echtgenoot er <span style=\"color: #3366ff;\">8<\/span> in gebruik heeft. <span style=\"color: #3366ff;\">Vijf<\/span> planken zijn gevuld met films en series, <span style=\"color: #3366ff;\">twee<\/span> met strips en op een andere plank zijn non-fictie boeken van ons beide terug te vinden. Vermits er niet langer voldoende plek was voor de Kiekeboe-strips staan die in dozen op zolder. De overige planken staan vol met mijn (kook)boeken, beeldjes en fandom-spulletjes.<\/p>\n<p style=\"text-align: center;\">Maar nu zijn we aangekomen bij de inhoud van al die kasten. Naast series \u00e9n films zijn er immers vooral h\u00e9\u00e9l veel boeken in terug te vinden. Sinds vorig jaar tel ik ook de boeken van manlief na waardoor het totale aantal boeken behoorlijk gestegen is.<\/p>\n<p style=\"text-align: center;\">Alles samen telt onze bibliotheek niet minder dan <span style=\"color: #3366ff;\">1372<\/span> boeken.<\/p>\n<p style=\"text-align: center;\">Van die boeken zijn er <span style=\"color: #3366ff;\">428<\/span> van mijn echtgenoot. Ja hoor ook zijn collectie blijft groter worden. Ze bestaat momenteel uit <span style=\"color: #3366ff;\">304<\/span> strips, graphic novels en comics, <span style=\"color: #3366ff;\">103<\/span> fictieboeken en <span style=\"color: #3366ff;\">21<\/span> non-fictie.<\/p>\n<p style=\"text-align: center;\">Mijn verzameling telt <span style=\"color: #3366ff;\">945<\/span> boeken en bestaat uit iets meer als <span style=\"color: #3366ff;\">140<\/span> Strips &amp; Comics, <span style=\"color: #3366ff;\">147<\/span>\u00a0 non-fictie boeken (waaronder <span style=\"color: #3366ff;\">118<\/span> kookboeken en <span style=\"color: #3366ff;\">658<\/span> fictie boeken.<\/p>\n<p style=\"text-align: center;\"><a href=\"https:\/\/www.zwartraafje.be\/blog\/wp-content\/uploads\/2016\/01\/favicon.png\"><img loading=\"lazy\" decoding=\"async\" class=\"alignnone size-full wp-image-6717\" src=\"https:\/\/www.zwartraafje.be\/blog\/wp-content\/uploads\/2016\/01\/favicon.png\" alt=\"\" width=\"32\" height=\"32\" \/><\/a><\/p>\n<p style=\"text-align: center;\"><a href=\"https:\/\/www.zwartraafje.be\/blog\/wp-content\/uploads\/2019\/10\/IMG_20191022_104458_755-e1572184906808.jpg\"><img loading=\"lazy\" decoding=\"async\" class=\"alignnone wp-image-17384 \" src=\"https:\/\/www.zwartraafje.be\/blog\/wp-content\/uploads\/2019\/10\/IMG_20191022_104458_755-e1572184906808.jpg\" alt=\"\" width=\"439\" height=\"439\" \/><\/a><\/p>\n<p style=\"text-align: center;\"><em>Vermits de term fictie heel breed is bekijk ik deze boeken even wat nauwkeuriger. Normaal deel ik ze ook in o<\/em><em>p leeftijdsgroep maar daar had ik dit jaar niet veel zin in. Eigenlijk kijk ik daar ook niet echt naar. Ik lees gewoon waar ik zin in heb ongeacht of het een kinderboek, een young adult of eentje voor volwassenen is. <\/em><\/p>\n<p style=\"text-align: center;\"><em>Ik heb de boeken wel verder ingedeeld op basis van genre, bron, taal, vorm \u00e9n als afsluiter ook nog even het confronterende aantal ongelezen boeken.<\/em><\/p>\n<h5 style=\"text-align: center;\">Genres:<\/h5>\n<p style=\"text-align: center;\">Columns =<span style=\"color: #3366ff;\"> 3<\/span><br \/>\nGedichten = <span style=\"color: #3366ff;\">7<\/span><br \/>\nWaargebeurd = <span style=\"color: #3366ff;\">1<\/span><br \/>\nThrillers = <span style=\"color: #3366ff;\">80<\/span><br \/>\nFantasy en SciFy = <span style=\"color: #3366ff;\">437<\/span><br \/>\nRomans en romantische verhalen = <span style=\"color: #3366ff;\">126<\/span><br \/>\nVerhalenbundels = <span style=\"color: #3366ff;\">4<\/span><\/p>\n<h5 style=\"text-align: center;\">Vorm:<\/h5>\n<p style=\"text-align: center;\">Hardcovers = <span style=\"color: #3366ff;\">93<\/span><br \/>\nPaperbacks = <span style=\"color: #3366ff;\">159<\/span><br \/>\nSoftcovers = <span style=\"color: #3366ff;\">406<\/span><\/p>\n<h5 style=\"text-align: center;\">Taal:<\/h5>\n<p style=\"text-align: center;\">Nederlands = <span style=\"color: #3366ff;\">324<\/span><br \/>\nEngels = <span style=\"color: #3366ff;\">334<\/span><\/p>\n<p style=\"text-align: center;\"><em>Yep, sinds dit jaar staan er blijkbaar meer Engelstalige fictie in mijn kast dan Nederlandse. De voorbije jaren heb ik immers van heel wat nederlandstalige boeken afscheid genomen vermits ik wist dat ik ze niet meer wilde herlezen.<\/em><\/p>\n<p style=\"text-align: center;\"><a href=\"https:\/\/www.zwartraafje.be\/blog\/wp-content\/uploads\/2019\/10\/IMG_20191002_123326_790-e1572184049729.jpg\"><img loading=\"lazy\" decoding=\"async\" class=\"alignnone wp-image-17363 \" src=\"https:\/\/www.zwartraafje.be\/blog\/wp-content\/uploads\/2019\/10\/IMG_20191002_123326_790-e1572184049729.jpg\" alt=\"\" width=\"439\" height=\"439\" \/><\/a><\/p>\n<h5 style=\"text-align: center;\">Bron:<\/h5>\n<p style=\"text-align: center;\">Gekocht = <span style=\"color: #3366ff;\">353<\/span><br \/>\nOnline = <span style=\"color: #3366ff;\">144<\/span><br \/>\nTweedehands = <span style=\"color: #3366ff;\">82<\/span><br \/>\nRecensieboeken = <span style=\"color: #3366ff;\">177<\/span><br \/>\nGeruild = <span style=\"color: #3366ff;\">10<\/span><br \/>\nGekregen = <span style=\"color: #3366ff;\">91<\/span><br \/>\nGewonnen = <span style=\"color: #3366ff;\">27<\/span><\/p>\n<h5 style=\"text-align: center;\">Meer details:<\/h5>\n<p style=\"text-align: center;\">Ongelezen boeken = <span style=\"color: #3366ff;\">151<\/span><br \/>\nGesigneerde boeken = <span style=\"color: #3366ff;\">28<\/span><br \/>\nMannelijke auteurs = slechts <span style=\"color: #3366ff;\">64<\/span><br \/>\nAuteurkoppels = <span style=\"color: #3366ff;\">12<\/span><\/p>\n<p style=\"text-align: center;\"><em>Ik snapte maar niet hoe het aantal boeken gestegen kon zijn ten op zichte van vorig jaar. Want ook al heb ik dit jaar iets meer boeken toegevoegd als het jaar daarvoor (die blogpost komt er binnenkort ook aan) ik heb er in verhouding ook v\u00e9\u00e9l meer weggedaan. Hier kunnen natuurlijk verschillende verklaringen voor zijn. Iemand suggereerde op FB dat ik misschien net de juiste boeken naast elkaar hebben gezet en dat die met hun tweetjes een nieuwe generatie leesvoer voorzien zonder dat ik het besef. Misschien werkt die Accio all the books-spreuk beter dan ik had verwacht. Of lijk ik over een zichzelf-aanvullende bibliotheek te beschikken.<\/em><\/p>\n<p style=\"text-align: center;\"><em>Gezien de laatste alinea van mijn Boekenkast in cijfers-blogpost van 2018 vrees ik echter dat er door mijn lage suikerwaarden van toen wat foute berekeningen zijn gemaakt. Jammer genoeg kan ik die nu niet meer controleren. Dus heb ik dit jaar alles driemaal nageteld toen mijn suiker wel hoog genoeg stond. Dit jaar zouden de gegevens dus correct moeten zijn. Nu nog even afwachten of ze tegen de volgende telling gaan stijgen of dalen.<\/em><\/p>\n","protected":false},"excerpt":{"rendered":"<p>Normaal probeer ik jullie telkens in het najaar de inhoud van mijn boeken-kasten in cijfers voor te schotelen. De ene keer doe ik dat vrij snel, een andere keer wat later. In 2018 verscheen mijn overzicht al met wat vertraging. Die van 2019 heeft zelfs zoveel vertraging dat hij pas in 2020 verschijnt.<\/p>\n","protected":false},"author":1,"featured_media":0,"comment_status":"open","ping_status":"open","sticky":false,"template":"","format":"standard","meta":{"jetpack_post_was_ever_published":false,"_jetpack_newsletter_access":"","_jetpack_dont_email_post_to_subs":false,"_jetpack_newsletter_tier_id":0,"_jetpack_memberships_contains_paywalled_content":false,"_jetpack_memberships_contains_paid_content":false,"footnotes":"","jetpack_publicize_message":"","jetpack_publicize_feature_enabled":true,"jetpack_social_post_already_shared":false,"jetpack_social_options":{"image_generator_settings":{"template":"highway","default_image_id":0,"font":"","enabled":false},"version":2}},"categories":[7],"tags":[197,345,1778,576,2312,18],"class_list":["post-17675","post","type-post","status-publish","format-standard","hentry","category-boeken","tag-bibliotheek","tag-boeken-2","tag-cijfers","tag-genres","tag-inventaris","tag-verzameling"],"jetpack_publicize_connections":[],"jetpack_featured_media_url":"","jetpack_sharing_enabled":true,"jetpack_shortlink":"https:\/\/wp.me\/p60yYB-4B5","jetpack-related-posts":[{"id":15409,"url":"https:\/\/www.zwartraafje.be\/blog\/2018\/12\/mijn-boekenkasten-in-cijfers-4-2018\/","url_meta":{"origin":17675,"position":0},"title":"Mijn boekenkasten in cijfers #4 : 2018","author":"Zwartraafje","date":"06\/12\/2018","format":false,"excerpt":"In het najaar probeer ik jullie telkens de inhoud van mijn boeken-kasten in cijfers voor te schotelen. De ene keer doe ik dat vrij snel, een andere keer wat later. Vorig jaar was ik er bijvoorbeeld een maand te vroeg mee, dit jaar heb ik dan weer wat vertraging opgelopen.\u2026","rel":"","context":"In &quot;Boeken&quot;","block_context":{"text":"Boeken","link":"https:\/\/www.zwartraafje.be\/blog\/category\/boeken\/"},"img":{"alt_text":"","src":"https:\/\/i0.wp.com\/www.zwartraafje.be\/blog\/wp-content\/uploads\/2015\/09\/mijnboekenkastincijfers.jpeg?resize=350%2C200&ssl=1","width":350,"height":200},"classes":[]},{"id":24147,"url":"https:\/\/www.zwartraafje.be\/blog\/2025\/09\/mijn-boekenkasten-in-cijfers-9-2025\/","url_meta":{"origin":17675,"position":1},"title":"Mijn boekenkasten in cijfers #9 &#8211; 2025","author":"Zwartraafje","date":"13\/09\/2025","format":false,"excerpt":"De eerste terugblik naar de inhoud van mijn boekenkasten deelde ik in 2015. Vervolgens probeerde ik mijn boekencollectie jaarlijks onder de loep te leggen maar daar kwam vrij vaak wat vertraging bij kijken. Ook dit keer was dat het geval. Het zou een pak sneller gaan indien ik niet zou\u2026","rel":"","context":"In &quot;Boeken&quot;","block_context":{"text":"Boeken","link":"https:\/\/www.zwartraafje.be\/blog\/category\/boeken\/"},"img":{"alt_text":"","src":"https:\/\/i0.wp.com\/www.zwartraafje.be\/blog\/wp-content\/uploads\/2015\/09\/mijnboekenkastincijfers.jpeg?resize=350%2C200&ssl=1","width":350,"height":200},"classes":[]},{"id":22968,"url":"https:\/\/www.zwartraafje.be\/blog\/2024\/06\/mijn-boekenkast-in-cijfers-8-2024\/","url_meta":{"origin":17675,"position":2},"title":"Mijn boekenkast in cijfers #8: 2024","author":"Zwartraafje","date":"19\/06\/2024","format":false,"excerpt":"In 2015 deelde ik voor het eerst een Boekenkast in cijfers blogpost. Vervolgens probeerde ik de inhoud van mijn boekenkasten jaarlijks onder de loep te leggen maar dat durft af en toe wat vertraging op te lopen. Het feit dat er veel tel en rekenwerk bij komt kijken (lees: zaken\u2026","rel":"","context":"In &quot;Boeken&quot;","block_context":{"text":"Boeken","link":"https:\/\/www.zwartraafje.be\/blog\/category\/boeken\/"},"img":{"alt_text":"","src":"https:\/\/i0.wp.com\/www.zwartraafje.be\/blog\/wp-content\/uploads\/2015\/09\/mijnboekenkastincijfers.jpeg?resize=350%2C200&ssl=1","width":350,"height":200},"classes":[]},{"id":21448,"url":"https:\/\/www.zwartraafje.be\/blog\/2022\/11\/mijn-boekenkast-in-cijfers-7-2022\/","url_meta":{"origin":17675,"position":3},"title":"Mijn boekenkast in cijfers #7: 2022","author":"Zwartraafje","date":"10\/11\/2022","format":false,"excerpt":"In 2015 deelde ik voor het eerst een Boekenkast in cijfers post. Vervolgens probeerde ik de inhoud van mijn boekenkasten jaarlijks onder de loep te leggen maar dat durft af en toe wat vertraging op te lopen. Dit keer vooral doordat ik er tegenop zag om alles te gaan tellen\u2026","rel":"","context":"In &quot;Boeken&quot;","block_context":{"text":"Boeken","link":"https:\/\/www.zwartraafje.be\/blog\/category\/boeken\/"},"img":{"alt_text":"","src":"https:\/\/i0.wp.com\/www.zwartraafje.be\/blog\/wp-content\/uploads\/2015\/09\/mijnboekenkastincijfers.jpeg?resize=350%2C200&ssl=1","width":350,"height":200},"classes":[]},{"id":19727,"url":"https:\/\/www.zwartraafje.be\/blog\/2021\/07\/mijn-boekenkast-in-cijfers-6-2021\/","url_meta":{"origin":17675,"position":4},"title":"Mijn boekenkast in cijfers #6 : 2021","author":"Zwartraafje","date":"24\/07\/2021","format":false,"excerpt":"In 2015 deelde ik voor het eerst een Boekenkast in cijfers post. Vervolgens probeerde ik de inhoud van mijn boekenkasten jaarlijks onder de loep te leggen maar dat liep een tijdje terug mis. Eerst begonnen ze met vertraging te verschijnen en nadien liep die vertraging zo op dat het ondertussen\u2026","rel":"","context":"In &quot;Boeken&quot;","block_context":{"text":"Boeken","link":"https:\/\/www.zwartraafje.be\/blog\/category\/boeken\/"},"img":{"alt_text":"","src":"https:\/\/i0.wp.com\/www.zwartraafje.be\/blog\/wp-content\/uploads\/2021\/07\/IMG_20210527_130911_533-e1627139002448.jpg?resize=350%2C200&ssl=1","width":350,"height":200,"srcset":"https:\/\/i0.wp.com\/www.zwartraafje.be\/blog\/wp-content\/uploads\/2021\/07\/IMG_20210527_130911_533-e1627139002448.jpg?resize=350%2C200&ssl=1 1x, https:\/\/i0.wp.com\/www.zwartraafje.be\/blog\/wp-content\/uploads\/2021\/07\/IMG_20210527_130911_533-e1627139002448.jpg?resize=525%2C300&ssl=1 1.5x"},"classes":[]},{"id":15839,"url":"https:\/\/www.zwartraafje.be\/blog\/2019\/02\/berekening-zolang-duurt-het-nog-vooraleer-ik-mijn-hele-tbr-heb-gelezen\/","url_meta":{"origin":17675,"position":5},"title":"Berekening &#8211; Zolang duurt het nog vooraleer ik mijn hele TBR heb gelezen.","author":"Zwartraafje","date":"20\/02\/2019","format":false,"excerpt":"Tijdens de eindejaarsperiode stuurde Kwante me een link door waar je de kans kreeg om te berekenen hoelang het zou duren vooraleer je je tbr volledig zou uitlezen. Jammer genoeg bleek echter al snel dat het resultaat niet al te betrouwbaar was vermits er bij de berekening enkel rekening werd\u2026","rel":"","context":"In &quot;Boeken&quot;","block_context":{"text":"Boeken","link":"https:\/\/www.zwartraafje.be\/blog\/category\/boeken\/"},"img":{"alt_text":"","src":"https:\/\/i0.wp.com\/www.zwartraafje.be\/blog\/wp-content\/uploads\/2016\/11\/IMG_20161118_101730.jpg?resize=350%2C200&ssl=1","width":350,"height":200},"classes":[]}],"jetpack_likes_enabled":true,"_links":{"self":[{"href":"https:\/\/www.zwartraafje.be\/blog\/wp-json\/wp\/v2\/posts\/17675","targetHints":{"allow":["GET"]}}],"collection":[{"href":"https:\/\/www.zwartraafje.be\/blog\/wp-json\/wp\/v2\/posts"}],"about":[{"href":"https:\/\/www.zwartraafje.be\/blog\/wp-json\/wp\/v2\/types\/post"}],"author":[{"embeddable":true,"href":"https:\/\/www.zwartraafje.be\/blog\/wp-json\/wp\/v2\/users\/1"}],"replies":[{"embeddable":true,"href":"https:\/\/www.zwartraafje.be\/blog\/wp-json\/wp\/v2\/comments?post=17675"}],"version-history":[{"count":1,"href":"https:\/\/www.zwartraafje.be\/blog\/wp-json\/wp\/v2\/posts\/17675\/revisions"}],"predecessor-version":[{"id":17676,"href":"https:\/\/www.zwartraafje.be\/blog\/wp-json\/wp\/v2\/posts\/17675\/revisions\/17676"}],"wp:attachment":[{"href":"https:\/\/www.zwartraafje.be\/blog\/wp-json\/wp\/v2\/media?parent=17675"}],"wp:term":[{"taxonomy":"category","embeddable":true,"href":"https:\/\/www.zwartraafje.be\/blog\/wp-json\/wp\/v2\/categories?post=17675"},{"taxonomy":"post_tag","embeddable":true,"href":"https:\/\/www.zwartraafje.be\/blog\/wp-json\/wp\/v2\/tags?post=17675"}],"curies":[{"name":"wp","href":"https:\/\/api.w.org\/{rel}","templated":true}]}}