{"id":13793,"date":"2018-04-30T07:30:06","date_gmt":"2018-04-30T05:30:06","guid":{"rendered":"https:\/\/www.zwartraafje.be\/blog\/?p=13793"},"modified":"2018-04-29T15:13:50","modified_gmt":"2018-04-29T13:13:50","slug":"aanwinsten-april-2018","status":"publish","type":"post","link":"https:\/\/www.zwartraafje.be\/blog\/2018\/04\/aanwinsten-april-2018\/","title":{"rendered":"Aanwinsten april 2018"},"content":{"rendered":"<p><a href=\"https:\/\/www.zwartraafje.be\/blog\/wp-content\/uploads\/2015\/11\/aanwinsten.jpeg\"><img loading=\"lazy\" decoding=\"async\" class=\"alignleft wp-image-6242 \" src=\"https:\/\/www.zwartraafje.be\/blog\/wp-content\/uploads\/2015\/11\/aanwinsten.jpeg\" alt=\"\" width=\"267\" height=\"311\" srcset=\"https:\/\/www.zwartraafje.be\/blog\/wp-content\/uploads\/2015\/11\/aanwinsten.jpeg 311w, https:\/\/www.zwartraafje.be\/blog\/wp-content\/uploads\/2015\/11\/aanwinsten-258x300.jpeg 258w\" sizes=\"auto, (max-width: 267px) 100vw, 267px\" \/><\/a>Tja, het wordt een beetje voorspelbaar &#8230; ook deze maand mocht ik weer enkele nieuwe boeken aan mijn collectie toevoegen. Al tijdens \u00e9\u00e9n van de eerste dagen van april kwam ik in een kringloopwinkel twee boeken tegen die ik wel een nieuwe thuis wilde geven. Vervolgens bestelde ik \u00e9\u00e9n boek omdat de schrijfster naar YALfest ging komen (maar uiteindelijk dus jammer genoeg niet naar Belgi\u00eb) en omdat ik het tweede deel al in de kast had staan en toch eens een keer aan die serie wilde beginnen. Verder kreeg ik ook twee recensieboeken toegestuurd, kreeg ik er eentje cadeau van een lieve vriendin (nogmaals bedankt Silke!) en vond ik niet minder dan vier nieuwe boeken in de YALfest goodiebag.<\/p>\n<p><!--more--><\/p>\n<p style=\"text-align: center;\"><strong>De twee kringloopvondsten die ik deze maand tegenkwam:<\/strong><\/p>\n<p style=\"text-align: center;\"><a href=\"https:\/\/www.zwartraafje.be\/blog\/wp-content\/uploads\/2018\/04\/20180404_165031.jpg\"><img loading=\"lazy\" decoding=\"async\" class=\"alignnone wp-image-13794 \" src=\"https:\/\/www.zwartraafje.be\/blog\/wp-content\/uploads\/2018\/04\/20180404_165031.jpg\" alt=\"\" width=\"450\" height=\"338\" srcset=\"https:\/\/www.zwartraafje.be\/blog\/wp-content\/uploads\/2018\/04\/20180404_165031.jpg 500w, https:\/\/www.zwartraafje.be\/blog\/wp-content\/uploads\/2018\/04\/20180404_165031-300x225.jpg 300w\" sizes=\"auto, (max-width: 450px) 100vw, 450px\" \/><\/a><\/p>\n<p style=\"text-align: center;\">A darker shade of magic &#8211; V.E.Schwab<br \/>\nSummer at little Beach Street Bakery &#8211; Jenny Colgan<\/p>\n<p style=\"text-align: center;\"><strong>Het boek dat ik bestelde voor YALfest:<\/strong><\/p>\n<p style=\"text-align: center;\"><a href=\"https:\/\/www.zwartraafje.be\/blog\/wp-content\/uploads\/2018\/04\/20180410_131446.jpg\"><img loading=\"lazy\" decoding=\"async\" class=\"alignnone wp-image-13795 \" src=\"https:\/\/www.zwartraafje.be\/blog\/wp-content\/uploads\/2018\/04\/20180410_131446.jpg\" alt=\"\" width=\"336\" height=\"448\" srcset=\"https:\/\/www.zwartraafje.be\/blog\/wp-content\/uploads\/2018\/04\/20180410_131446.jpg 375w, https:\/\/www.zwartraafje.be\/blog\/wp-content\/uploads\/2018\/04\/20180410_131446-225x300.jpg 225w\" sizes=\"auto, (max-width: 336px) 100vw, 336px\" \/><\/a><\/p>\n<p style=\"text-align: center;\">Breathe &#8211; Sarah Crossan<\/p>\n<p style=\"text-align: center;\"><strong>De twee boeken die ik mag recenseren:<\/strong><\/p>\n<p style=\"text-align: center;\"><a href=\"https:\/\/www.zwartraafje.be\/blog\/wp-content\/uploads\/2018\/04\/20180424_175447.jpg\"><img loading=\"lazy\" decoding=\"async\" class=\"alignnone wp-image-13797 \" src=\"https:\/\/www.zwartraafje.be\/blog\/wp-content\/uploads\/2018\/04\/20180424_175447.jpg\" alt=\"\" width=\"450\" height=\"338\" srcset=\"https:\/\/www.zwartraafje.be\/blog\/wp-content\/uploads\/2018\/04\/20180424_175447.jpg 500w, https:\/\/www.zwartraafje.be\/blog\/wp-content\/uploads\/2018\/04\/20180424_175447-300x225.jpg 300w\" sizes=\"auto, (max-width: 450px) 100vw, 450px\" \/><\/a><\/p>\n<p style=\"text-align: center;\">Fandom &#8211; Anna Day<br \/>\nSjakie en de Chocoladefabriek &#8211; Roald Dahl<\/p>\n<p style=\"text-align: center;\"><strong>Het boek dat ik cadeau kreeg \u00e9n eentje dat ik even mag lenen:<\/strong><\/p>\n<p style=\"text-align: center;\"><a href=\"https:\/\/www.zwartraafje.be\/blog\/wp-content\/uploads\/2018\/04\/20180421_102438.jpg\"><img loading=\"lazy\" decoding=\"async\" class=\"alignnone wp-image-13796 \" src=\"https:\/\/www.zwartraafje.be\/blog\/wp-content\/uploads\/2018\/04\/20180421_102438.jpg\" alt=\"\" width=\"450\" height=\"338\" srcset=\"https:\/\/www.zwartraafje.be\/blog\/wp-content\/uploads\/2018\/04\/20180421_102438.jpg 600w, https:\/\/www.zwartraafje.be\/blog\/wp-content\/uploads\/2018\/04\/20180421_102438-300x225.jpg 300w\" sizes=\"auto, (max-width: 450px) 100vw, 450px\" \/><\/a><\/p>\n<p style=\"text-align: center;\">The Hazel Wood &#8211; Melissa Albert<\/p>\n<p style=\"text-align: center;\">Ik ga Lake Silence natuurlijk ook zelf kopen maar wil daar nog even mee wachten tot de softcover-editie beschikbaar is. Dat wachten zou een pak moeilijker zijn indien ik geen lieve vriendin had die me haar boek alvast een keer laat lenen.<\/p>\n<p style=\"text-align: center;\"><strong>De boeken uit de YALfest goodiebag:<\/strong><\/p>\n<p style=\"text-align: center;\"><a href=\"https:\/\/www.zwartraafje.be\/blog\/wp-content\/uploads\/2018\/04\/20180421_103026.jpg\"><img loading=\"lazy\" decoding=\"async\" class=\"alignnone wp-image-13789 \" src=\"https:\/\/www.zwartraafje.be\/blog\/wp-content\/uploads\/2018\/04\/20180421_103026.jpg\" alt=\"\" width=\"450\" height=\"338\" srcset=\"https:\/\/www.zwartraafje.be\/blog\/wp-content\/uploads\/2018\/04\/20180421_103026.jpg 600w, https:\/\/www.zwartraafje.be\/blog\/wp-content\/uploads\/2018\/04\/20180421_103026-300x225.jpg 300w\" sizes=\"auto, (max-width: 450px) 100vw, 450px\" \/><\/a><\/p>\n<p style=\"text-align: center;\">13 minuten &#8211; Sarah Pinborough<br \/>\nHet RAK boek<br \/>\nWreck this journal<br \/>\nThe Notebook &#8211; Nicholas Sparks<\/p>\n<p style=\"text-align: center;\"><strong>De twee recensieboeken die toekwamen nadat ik aan deze blogpost was begonnen:<\/strong><\/p>\n<p style=\"text-align: center;\"><a href=\"https:\/\/www.zwartraafje.be\/blog\/wp-content\/uploads\/2018\/04\/Screenshot_20180426-183623-e1524762437874.png\"><img loading=\"lazy\" decoding=\"async\" class=\"alignnone wp-image-13823 \" src=\"https:\/\/www.zwartraafje.be\/blog\/wp-content\/uploads\/2018\/04\/Screenshot_20180426-183623-e1524762437874.png\" alt=\"\" width=\"400\" height=\"396\" srcset=\"https:\/\/www.zwartraafje.be\/blog\/wp-content\/uploads\/2018\/04\/Screenshot_20180426-183623-e1524762437874.png 448w, https:\/\/www.zwartraafje.be\/blog\/wp-content\/uploads\/2018\/04\/Screenshot_20180426-183623-e1524762437874-150x150.png 150w, https:\/\/www.zwartraafje.be\/blog\/wp-content\/uploads\/2018\/04\/Screenshot_20180426-183623-e1524762437874-300x297.png 300w\" sizes=\"auto, (max-width: 400px) 100vw, 400px\" \/><\/a><\/p>\n<p style=\"text-align: center;\">De Edele &#8211; Taran Matharu<\/p>\n<p style=\"text-align: center;\"><a href=\"https:\/\/www.zwartraafje.be\/blog\/wp-content\/uploads\/2018\/04\/Screenshot_20180426-183632-e1524762480361.png\"><img loading=\"lazy\" decoding=\"async\" class=\"alignnone wp-image-13824 \" src=\"https:\/\/www.zwartraafje.be\/blog\/wp-content\/uploads\/2018\/04\/Screenshot_20180426-183632-e1524762480361.png\" alt=\"\" width=\"400\" height=\"400\" srcset=\"https:\/\/www.zwartraafje.be\/blog\/wp-content\/uploads\/2018\/04\/Screenshot_20180426-183632-e1524762480361.png 506w, https:\/\/www.zwartraafje.be\/blog\/wp-content\/uploads\/2018\/04\/Screenshot_20180426-183632-e1524762480361-150x150.png 150w, https:\/\/www.zwartraafje.be\/blog\/wp-content\/uploads\/2018\/04\/Screenshot_20180426-183632-e1524762480361-300x300.png 300w\" sizes=\"auto, (max-width: 400px) 100vw, 400px\" \/><\/a><\/p>\n<p style=\"text-align: center;\">Everless &#8211; Sara Holland<\/p>\n<p style=\"text-align: center;\"><strong>Het &#8216;Oops! nog eentje extra&#8217;-boek dat Annelies voor me meebracht naar het <a href=\"https:\/\/www.zwartraafje.be\/blog\/2018\/04\/clavis-book-cafe-2018-en-wat-ik-er-van-vond\/\">Clavis Book Caf\u00e9<\/a>:<\/strong><\/p>\n<p style=\"text-align: center;\"><a href=\"https:\/\/www.zwartraafje.be\/blog\/wp-content\/uploads\/2018\/04\/20180429_120443.jpg\"><img loading=\"lazy\" decoding=\"async\" class=\"alignnone wp-image-13840 \" src=\"https:\/\/www.zwartraafje.be\/blog\/wp-content\/uploads\/2018\/04\/20180429_120443.jpg\" alt=\"\" width=\"439\" height=\"330\" srcset=\"https:\/\/www.zwartraafje.be\/blog\/wp-content\/uploads\/2018\/04\/20180429_120443.jpg 600w, https:\/\/www.zwartraafje.be\/blog\/wp-content\/uploads\/2018\/04\/20180429_120443-300x225.jpg 300w\" sizes=\"auto, (max-width: 439px) 100vw, 439px\" \/><\/a><\/p>\n<p style=\"text-align: center;\">E\u00e9n ding is zeker &#8230; ik kom nog eventjes toe qua leesvoer.<\/p>\n","protected":false},"excerpt":{"rendered":"<p>Tja, het wordt een beetje voorspelbaar &#8230; ook deze maand mocht ik weer enkele nieuwe boeken aan mijn collectie toevoegen. Al tijdens \u00e9\u00e9n van de eerste dagen van april kwam ik in een kringloopwinkel twee boeken tegen die ik wel een nieuwe thuis wilde geven. Vervolgens bestelde ik \u00e9\u00e9n boek omdat de schrijfster naar YALfest &hellip; <a href=\"https:\/\/www.zwartraafje.be\/blog\/2018\/04\/aanwinsten-april-2018\/\" class=\"more-link\">Lees verder <span class=\"screen-reader-text\">Aanwinsten april 2018<\/span> <span class=\"meta-nav\">&rarr;<\/span><\/a><\/p>\n","protected":false},"author":1,"featured_media":0,"comment_status":"open","ping_status":"open","sticky":false,"template":"","format":"standard","meta":{"jetpack_post_was_ever_published":false,"_jetpack_newsletter_access":"","_jetpack_dont_email_post_to_subs":false,"_jetpack_newsletter_tier_id":0,"_jetpack_memberships_contains_paywalled_content":false,"_jetpack_memberships_contains_paid_content":false,"footnotes":"","jetpack_publicize_message":"","jetpack_publicize_feature_enabled":true,"jetpack_social_post_already_shared":false,"jetpack_social_options":{"image_generator_settings":{"template":"highway","default_image_id":0,"font":"","enabled":false},"version":2}},"categories":[584],"tags":[217,1222,2133,2134,1775],"class_list":["post-13793","post","type-post","status-publish","format-standard","hentry","category-aanwinsten-2","tag-aanwinsten","tag-april","tag-goodiebag","tag-kringloopvondsten","tag-recensieboeken"],"jetpack_publicize_connections":[],"jetpack_featured_media_url":"","jetpack_sharing_enabled":true,"jetpack_shortlink":"https:\/\/wp.me\/p60yYB-3At","jetpack-related-posts":[{"id":19332,"url":"https:\/\/www.zwartraafje.be\/blog\/2021\/03\/lees-ik-mijn-aanwinsten-ook-echt-2017\/","url_meta":{"origin":13793,"position":0},"title":"Lees ik mijn aanwinsten ook echt? &#8211; 2017","author":"Zwartraafje","date":"07\/03\/2021","format":false,"excerpt":"In 2018 deelde Anneke van Een letter meer graag een blogpost waarin ze haar Boekenfestijn-aanwinsten deelde en aantoonde dat ze het merendeel daarvan niet gelezen had. Heel wat impulsaankopen omwille van de mooie prijs die haar nadien minder leken aan te spreken dan ze oorspronkelijk had verwacht. Een paar maanden\u2026","rel":"","context":"In &quot;Boeken&quot;","block_context":{"text":"Boeken","link":"https:\/\/www.zwartraafje.be\/blog\/category\/boeken\/"},"img":{"alt_text":"","src":"https:\/\/i0.wp.com\/www.zwartraafje.be\/blog\/wp-content\/uploads\/2018\/05\/IMG_20180514_130508_210-e1526498918462.jpg?resize=350%2C200&ssl=1","width":350,"height":200},"classes":[]},{"id":16869,"url":"https:\/\/www.zwartraafje.be\/blog\/2019\/08\/gelezen-in-juli-2019\/","url_meta":{"origin":13793,"position":1},"title":"Gelezen in juli 2019","author":"Zwartraafje","date":"01\/08\/2019","format":false,"excerpt":"Zeggen dat mijn Aanwinsten-post van de voorbije maand vrij omvangrijk was is zonder twijfel een understatement. De post die ik vandaag met jullie deel is echter net het tegenovergestelde. Nu ja, ik las wel wat maar niet bijzonder veel. De hittegolf heeft daar zeker een rol in gespeeld maar ook\u2026","rel":"","context":"In &quot;Gelezen in&quot;","block_context":{"text":"Gelezen in","link":"https:\/\/www.zwartraafje.be\/blog\/category\/gelezen-in\/"},"img":{"alt_text":"","src":"https:\/\/i0.wp.com\/www.zwartraafje.be\/blog\/wp-content\/uploads\/2019\/07\/gebroken-teri-terry-e1564313661400.jpg?resize=350%2C200&ssl=1","width":350,"height":200},"classes":[]},{"id":13782,"url":"https:\/\/www.zwartraafje.be\/blog\/2018\/04\/yalfest-be-de-goodiebag\/","url_meta":{"origin":13793,"position":2},"title":"YALfest BE : inhoud van de goodiebag + winactie","author":"Zwartraafje","date":"26\/04\/2018","format":false,"excerpt":"Afgelopen vrijdag was het zover. Het grote Nederlandse YALfest kreeg ook een Belgische editie. Iets ingetogener, gezellig informeel en ... internationale auteurs vlak bij huis. Wat ik er van vond kon je al lezen in mijn verslag dat zondag werd gepubliceerd. Ook mijn interview met Taran Matharu konden jullie al\u2026","rel":"","context":"In &quot;Unboxing&quot;","block_context":{"text":"Unboxing","link":"https:\/\/www.zwartraafje.be\/blog\/category\/unboxing\/"},"img":{"alt_text":"","src":"https:\/\/i0.wp.com\/www.zwartraafje.be\/blog\/wp-content\/uploads\/2018\/04\/20180421_103026.jpg?resize=350%2C200&ssl=1","width":350,"height":200,"srcset":"https:\/\/i0.wp.com\/www.zwartraafje.be\/blog\/wp-content\/uploads\/2018\/04\/20180421_103026.jpg?resize=350%2C200&ssl=1 1x, https:\/\/i0.wp.com\/www.zwartraafje.be\/blog\/wp-content\/uploads\/2018\/04\/20180421_103026.jpg?resize=525%2C300&ssl=1 1.5x"},"classes":[]},{"id":12560,"url":"https:\/\/www.zwartraafje.be\/blog\/2017\/11\/aanwinsten-november-2017\/","url_meta":{"origin":13793,"position":3},"title":"Aanwinsten November 2017","author":"Zwartraafje","date":"30\/11\/2017","format":false,"excerpt":"Herinneren jullie je nog dat ik tot mijn grote verbazing geen enkel boek voor mezelf kocht op de Boekenbeurs? Hoe braaf ik dus ongepland was? Ja? Goed, hou dat even in je achterhoofd wanneer je deze aanwinsten-blogpost leest. Nadien liep het immers 'een beetje' mis doordat ik halfweg deze maand\u2026","rel":"","context":"In &quot;Aanwinsten&quot;","block_context":{"text":"Aanwinsten","link":"https:\/\/www.zwartraafje.be\/blog\/category\/aanwinsten-2\/"},"img":{"alt_text":"","src":"https:\/\/i0.wp.com\/www.zwartraafje.be\/blog\/wp-content\/uploads\/2017\/11\/20171122_125145-e1511444113446.jpg?resize=350%2C200&ssl=1","width":350,"height":200,"srcset":"https:\/\/i0.wp.com\/www.zwartraafje.be\/blog\/wp-content\/uploads\/2017\/11\/20171122_125145-e1511444113446.jpg?resize=350%2C200&ssl=1 1x, https:\/\/i0.wp.com\/www.zwartraafje.be\/blog\/wp-content\/uploads\/2017\/11\/20171122_125145-e1511444113446.jpg?resize=525%2C300&ssl=1 1.5x"},"classes":[]},{"id":16290,"url":"https:\/\/www.zwartraafje.be\/blog\/2019\/04\/aanwinsten-april-2019\/","url_meta":{"origin":13793,"position":4},"title":"Aanwinsten April 2019","author":"Zwartraafje","date":"30\/04\/2019","format":false,"excerpt":"Ik probeer me nog steeds een beetje in te houden met het kopen van boeken vermits ik die TBR toch graag een beetje wil laten dalen. De eerste twee maanden van het jaar wist ik me te beperken tot \u00e9\u00e9n boek per maand. Zowel in maart als in april kocht\u2026","rel":"","context":"In &quot;Aanwinsten&quot;","block_context":{"text":"Aanwinsten","link":"https:\/\/www.zwartraafje.be\/blog\/category\/aanwinsten-2\/"},"img":{"alt_text":"","src":"https:\/\/i0.wp.com\/www.zwartraafje.be\/blog\/wp-content\/uploads\/2019\/04\/20190425_103615.jpg?resize=350%2C200&ssl=1","width":350,"height":200},"classes":[]},{"id":16071,"url":"https:\/\/www.zwartraafje.be\/blog\/2019\/03\/aanwinsten-maart-2019\/","url_meta":{"origin":13793,"position":5},"title":"Aanwinsten Maart 2019","author":"Zwartraafje","date":"31\/03\/2019","format":false,"excerpt":"Ook deze maand mocht ik weer enkele boeken aan mijn verzameling toevoegen. Vier boeken in totaal en ik die vonden allemaal een plekje in mijn kasten zonder dat ik moest gaan reorganiseren. Maar misschien heeft dat laatste iets te maken met het feit dat er een stapeltje boeken op de\u2026","rel":"","context":"In &quot;Aanwinsten&quot;","block_context":{"text":"Aanwinsten","link":"https:\/\/www.zwartraafje.be\/blog\/category\/aanwinsten-2\/"},"img":{"alt_text":"","src":"https:\/\/i0.wp.com\/www.zwartraafje.be\/blog\/wp-content\/uploads\/2019\/03\/20190328_091642.jpg?resize=350%2C200&ssl=1","width":350,"height":200},"classes":[]}],"jetpack_likes_enabled":true,"_links":{"self":[{"href":"https:\/\/www.zwartraafje.be\/blog\/wp-json\/wp\/v2\/posts\/13793","targetHints":{"allow":["GET"]}}],"collection":[{"href":"https:\/\/www.zwartraafje.be\/blog\/wp-json\/wp\/v2\/posts"}],"about":[{"href":"https:\/\/www.zwartraafje.be\/blog\/wp-json\/wp\/v2\/types\/post"}],"author":[{"embeddable":true,"href":"https:\/\/www.zwartraafje.be\/blog\/wp-json\/wp\/v2\/users\/1"}],"replies":[{"embeddable":true,"href":"https:\/\/www.zwartraafje.be\/blog\/wp-json\/wp\/v2\/comments?post=13793"}],"version-history":[{"count":4,"href":"https:\/\/www.zwartraafje.be\/blog\/wp-json\/wp\/v2\/posts\/13793\/revisions"}],"predecessor-version":[{"id":13841,"href":"https:\/\/www.zwartraafje.be\/blog\/wp-json\/wp\/v2\/posts\/13793\/revisions\/13841"}],"wp:attachment":[{"href":"https:\/\/www.zwartraafje.be\/blog\/wp-json\/wp\/v2\/media?parent=13793"}],"wp:term":[{"taxonomy":"category","embeddable":true,"href":"https:\/\/www.zwartraafje.be\/blog\/wp-json\/wp\/v2\/categories?post=13793"},{"taxonomy":"post_tag","embeddable":true,"href":"https:\/\/www.zwartraafje.be\/blog\/wp-json\/wp\/v2\/tags?post=13793"}],"curies":[{"name":"wp","href":"https:\/\/api.w.org\/{rel}","templated":true}]}}