{"id":10509,"date":"2017-03-22T07:30:04","date_gmt":"2017-03-22T06:30:04","guid":{"rendered":"http:\/\/www.zwartraafje.be\/blog\/?p=10509"},"modified":"2017-02-21T22:21:12","modified_gmt":"2017-02-21T21:21:12","slug":"2017-shelfies-3","status":"publish","type":"post","link":"https:\/\/www.zwartraafje.be\/blog\/2017\/03\/2017-shelfies-3\/","title":{"rendered":"2017: Shelfies #3"},"content":{"rendered":"<p><a href=\"https:\/\/www.zwartraafje.be\/blog\/wp-content\/uploads\/2016\/08\/shelfie-e1472147455710.jpg\"><img loading=\"lazy\" decoding=\"async\" class=\"alignleft wp-image-8951 \" src=\"https:\/\/www.zwartraafje.be\/blog\/wp-content\/uploads\/2016\/08\/shelfie-e1472147455710.jpg\" width=\"312\" height=\"312\" \/><\/a>18 juni 2015. Zo lang is het geleden sinds ik jullie de inhoud van mijn boekenkast toonde via een reeks blogposts die de toepasselijk naam Shelfies kregen. Enkele maanden geleden wilde ik jullie opnieuw een blik in mijn mini-bibliotheek tonen. Oorspronnkelijk dacht ik dat via enkele vlogs te doen maar het werd me al snel duidelijk dat ik me meer thuis voel achter het klavier dan voor de camera. Het akwardness-gehalte is dan plots ook een pak lager en ik voel me een pak comfortabeler.<\/p>\n<p><!--more--><\/p>\n<p style=\"text-align: center;\">Ik heb dus geen vlogs in petto voor jullie maar wel een heel deel foto&#8217;s. Vermits het om meerdere boekenkasten gaat heb ik het opnieuw opgesplitst in enkele blogposts. En ja er is wel het een en het ander veranderd. Zo zijn er heel wat boeken weg, en werden de daardoor vrijgekomen plekjes al snel weer opgevuld door nieuw leesmateriaal. Mijn bibliotheek is ook een beetje een fandom-museum geworden. Kijk maar even mee \u2026<\/p>\n<p style=\"text-align: center;\"><a href=\"https:\/\/www.zwartraafje.be\/blog\/wp-content\/uploads\/2017\/02\/20170214_113717-e1487710895210.jpg\"><img loading=\"lazy\" decoding=\"async\" class=\"alignnone wp-image-10510 \" src=\"https:\/\/www.zwartraafje.be\/blog\/wp-content\/uploads\/2017\/02\/20170214_113717-e1487710895210.jpg\" width=\"460\" height=\"259\" \/><\/a><\/p>\n<p style=\"text-align: center;\">Na een mengelmoes van allerlei boeken en een kast vol kook -en bakboeken zijn we bij het eerste deel van mijn fantasy-collectie toegekomen. Ik weet dat ze enkel op genre zijn gesorteerd en niet alfabetisch. Gek genoeg werkt deze werkwijze perfect voor mij. Ik weet alleszins meteen waar welk boek staat. Deze bovenste plank bevat eigenlijk veel gewonnen exemplaren maar ook een Kringloopkoopje en aanwinsten die ik op het Boekenfestijn vond.<\/p>\n<p style=\"text-align: center;\"><a href=\"https:\/\/www.zwartraafje.be\/blog\/wp-content\/uploads\/2017\/02\/20170214_113723-e1487710926642.jpg\"><img loading=\"lazy\" decoding=\"async\" class=\"alignnone wp-image-10511 \" src=\"https:\/\/www.zwartraafje.be\/blog\/wp-content\/uploads\/2017\/02\/20170214_113723-e1487710926642.jpg\" width=\"460\" height=\"259\" \/><\/a><\/p>\n<p style=\"text-align: center;\">Mijn Harlequin \/ Harper Collins boeken hebben zelfs een eigen plank. Met alleen de boeken van Julie Kagawa kan ik die al voor de helft vullen. \ud83d\ude42<\/p>\n<p style=\"text-align: center;\"><a href=\"https:\/\/www.zwartraafje.be\/blog\/wp-content\/uploads\/2017\/02\/20170214_113818-e1487710952214.jpg\"><img loading=\"lazy\" decoding=\"async\" class=\"alignnone wp-image-10512 \" src=\"https:\/\/www.zwartraafje.be\/blog\/wp-content\/uploads\/2017\/02\/20170214_113818-e1487710952214.jpg\" width=\"460\" height=\"259\" \/><\/a><\/p>\n<p style=\"text-align: center;\">Niet alleen mijn geliefde boeken maar ook mijn favoriete beren hebben hun eigen plekje. Aan deze verzameling is niets gewijzigd. Deze beeldjes kom je immers niet tegen zonder online op zoek te gaan en eigenlijk zijn er nog maar enkele die ik echt graag wil hebben.<\/p>\n<p style=\"text-align: center;\"><a href=\"https:\/\/www.zwartraafje.be\/blog\/wp-content\/uploads\/2017\/02\/20170214_113828-e1487710984706.jpg\"><img loading=\"lazy\" decoding=\"async\" class=\"alignnone wp-image-10513 \" src=\"https:\/\/www.zwartraafje.be\/blog\/wp-content\/uploads\/2017\/02\/20170214_113828-e1487710984706.jpg\" width=\"460\" height=\"259\" \/><\/a><\/p>\n<p style=\"text-align: center;\">Op deze plank zijn allemaal hardcovers terug te vinden. Nu ja, op \u00e9\u00e9ntje na. Mijn nieuwe aanwinst &#8211; Thief of lies &#8211; vind ik zo mooi dat ik hem prominent in het zicht wilde zetten. Eerder stond Alice in Wonderland daar te pronken maar die staat nu steeds een beetje open wanneer ik hem verticaal in de kast zet. Hopelijk komt dat terug in orde nadat hij een beetje horizontaal heeft gerust. Ik voel me nu zo&#8217;n beetje een boeken-dokter of zo.<\/p>\n<p style=\"text-align: center;\"><a href=\"https:\/\/www.zwartraafje.be\/blog\/wp-content\/uploads\/2017\/02\/20170214_113844-e1487711021642.jpg\"><img loading=\"lazy\" decoding=\"async\" class=\"alignnone wp-image-10514 \" src=\"https:\/\/www.zwartraafje.be\/blog\/wp-content\/uploads\/2017\/02\/20170214_113844-e1487711021642.jpg\" width=\"460\" height=\"259\" \/><\/a><\/p>\n<p style=\"text-align: center;\">Hier kan je heel wat van mijn favorieten terugvinden. De trilogie van Deborah Harkness, de Angelfall-trilogie \u00e9n niet te vergeten de Urban-boeken van Uitgeverij De Fontein. Ik vind het echt h\u00e9\u00e9l erg jammer dat er niet meer urban-boeken vertaald zullen worden want ik ben echt fan van dit genre.<\/p>\n<p style=\"text-align: center;\"><a href=\"https:\/\/www.zwartraafje.be\/blog\/wp-content\/uploads\/2017\/02\/20170214_113856-e1487711051805.jpg\"><img loading=\"lazy\" decoding=\"async\" class=\"alignnone wp-image-10515 \" src=\"https:\/\/www.zwartraafje.be\/blog\/wp-content\/uploads\/2017\/02\/20170214_113856-e1487711051805.jpg\" width=\"460\" height=\"259\" \/><\/a><\/p>\n<p style=\"text-align: center;\">Tja, ik plaats mijn boeken van hoog naar laag. Wanneer men boeken uit een zelfde reeks in een ander formaat publiceert mogen die dus niet langer naast elkaar staan. Ook bij de boeken uit de Magisterium-serie vind ik het nog steeds jammer dat er een nieuwe coverillustratie is gekomen. Het boek is maar ietsje kleiner dus dat is niet zo erg. De origele ontwerpen vond ik echter veel knapper en uitnodigender.<\/p>\n<p style=\"text-align: center;\"><a href=\"https:\/\/www.zwartraafje.be\/blog\/wp-content\/uploads\/2017\/02\/20170214_113905-e1487711081206.jpg\"><img loading=\"lazy\" decoding=\"async\" class=\"alignnone wp-image-10516 \" src=\"https:\/\/www.zwartraafje.be\/blog\/wp-content\/uploads\/2017\/02\/20170214_113905-e1487711081206.jpg\" width=\"460\" height=\"259\" \/><\/a><\/p>\n<p style=\"text-align: center;\">Sorry Jaye Wells! Voor jou was er geen plaats meer bij de overige urban-boeken. Misschien moet ik binnenkort toch maar eens over een nieuwe indeling beginnen nadenken. Oh ja, in deze kast staan momenteel nog 22 ongelezen boeken.<\/p>\n","protected":false},"excerpt":{"rendered":"<p>18 juni 2015. Zo lang is het geleden sinds ik jullie de inhoud van mijn boekenkast toonde via een reeks blogposts die de toepasselijk naam Shelfies kregen. Enkele maanden geleden wilde ik jullie opnieuw een blik in mijn mini-bibliotheek tonen. Oorspronnkelijk dacht ik dat via enkele vlogs te doen maar het werd me al snel &hellip; <a href=\"https:\/\/www.zwartraafje.be\/blog\/2017\/03\/2017-shelfies-3\/\" class=\"more-link\">Lees verder <span class=\"screen-reader-text\">2017: Shelfies #3<\/span> <span class=\"meta-nav\">&rarr;<\/span><\/a><\/p>\n","protected":false},"author":1,"featured_media":0,"comment_status":"open","ping_status":"open","sticky":false,"template":"","format":"standard","meta":{"jetpack_post_was_ever_published":false,"_jetpack_newsletter_access":"","_jetpack_dont_email_post_to_subs":false,"_jetpack_newsletter_tier_id":0,"_jetpack_memberships_contains_paywalled_content":false,"_jetpack_memberships_contains_paid_content":false,"footnotes":"","jetpack_publicize_message":"","jetpack_publicize_feature_enabled":true,"jetpack_social_post_already_shared":false,"jetpack_social_options":{"image_generator_settings":{"template":"highway","default_image_id":0,"font":"","enabled":false},"version":2}},"categories":[1],"tags":[197,345,1800,18],"class_list":["post-10509","post","type-post","status-publish","format-standard","hentry","category-uncategorized","tag-bibliotheek","tag-boeken-2","tag-shelfies","tag-verzameling"],"jetpack_publicize_connections":[],"jetpack_featured_media_url":"","jetpack_sharing_enabled":true,"jetpack_shortlink":"https:\/\/wp.me\/p60yYB-2Jv","jetpack-related-posts":[{"id":10909,"url":"https:\/\/www.zwartraafje.be\/blog\/2017\/05\/2017-shelfies-5\/","url_meta":{"origin":10509,"position":0},"title":"2017: Shelfies #5","author":"Zwartraafje","date":"12\/05\/2017","format":false,"excerpt":"18 juni 2015. Zo lang is het geleden sinds ik jullie de inhoud van mijn boekenkast toonde via een reeks blogposts die de toepasselijk naam Shelfies kregen. Enkele maanden geleden wilde ik jullie opnieuw een blik in mijn mini-bibliotheek tonen. Oorspronnkelijk dacht ik dat via enkele vlogs te doen maar\u2026","rel":"","context":"In &quot;Boeken&quot;","block_context":{"text":"Boeken","link":"https:\/\/www.zwartraafje.be\/blog\/category\/boeken\/"},"img":{"alt_text":"","src":"https:\/\/i0.wp.com\/www.zwartraafje.be\/blog\/wp-content\/uploads\/2017\/04\/20170214_114656-e1493209147249.jpg?resize=350%2C200&ssl=1","width":350,"height":200,"srcset":"https:\/\/i0.wp.com\/www.zwartraafje.be\/blog\/wp-content\/uploads\/2017\/04\/20170214_114656-e1493209147249.jpg?resize=350%2C200&ssl=1 1x, https:\/\/i0.wp.com\/www.zwartraafje.be\/blog\/wp-content\/uploads\/2017\/04\/20170214_114656-e1493209147249.jpg?resize=525%2C300&ssl=1 1.5x, https:\/\/i0.wp.com\/www.zwartraafje.be\/blog\/wp-content\/uploads\/2017\/04\/20170214_114656-e1493209147249.jpg?resize=700%2C400&ssl=1 2x"},"classes":[]},{"id":10431,"url":"https:\/\/www.zwartraafje.be\/blog\/2017\/02\/2017-shelfies-1\/","url_meta":{"origin":10509,"position":1},"title":"2017: Shelfies #1","author":"Zwartraafje","date":"22\/02\/2017","format":false,"excerpt":"18 juni 2015. Zo lang is het geleden sinds ik jullie de inhoud van mijn boekenkast toonde via een reeks blogposts die de toepasselijk naam Shelfies kregen. Enkele maanden geleden wilde ik jullie opnieuw een blik in mijn mini-bibliotheek tonen. Oorspronnkelijk dacht ik dat via enkele vlogs te doen maar\u2026","rel":"","context":"In &quot;Boeken&quot;","block_context":{"text":"Boeken","link":"https:\/\/www.zwartraafje.be\/blog\/category\/boeken\/"},"img":{"alt_text":"","src":"https:\/\/i0.wp.com\/www.zwartraafje.be\/blog\/wp-content\/uploads\/2017\/02\/20170214_113256-e1487178055990.jpg?resize=350%2C200&ssl=1","width":350,"height":200,"srcset":"https:\/\/i0.wp.com\/www.zwartraafje.be\/blog\/wp-content\/uploads\/2017\/02\/20170214_113256-e1487178055990.jpg?resize=350%2C200&ssl=1 1x, https:\/\/i0.wp.com\/www.zwartraafje.be\/blog\/wp-content\/uploads\/2017\/02\/20170214_113256-e1487178055990.jpg?resize=525%2C300&ssl=1 1.5x, https:\/\/i0.wp.com\/www.zwartraafje.be\/blog\/wp-content\/uploads\/2017\/02\/20170214_113256-e1487178055990.jpg?resize=700%2C400&ssl=1 2x"},"classes":[]},{"id":10613,"url":"https:\/\/www.zwartraafje.be\/blog\/2017\/04\/2017-shelfies-4\/","url_meta":{"origin":10509,"position":2},"title":"2017: Shelfies #4","author":"Zwartraafje","date":"08\/04\/2017","format":false,"excerpt":"18 juni 2015. Zo lang is het geleden sinds ik jullie de inhoud van mijn boekenkast toonde via een reeks blogposts die de toepasselijk naam Shelfies kregen. Enkele maanden geleden wilde ik jullie opnieuw een blik in mijn mini-bibliotheek tonen. Oorspronnkelijk dacht ik dat via enkele vlogs te doen maar\u2026","rel":"","context":"In \"bibliotheek\"","block_context":{"text":"bibliotheek","link":"https:\/\/www.zwartraafje.be\/blog\/tag\/bibliotheek\/"},"img":{"alt_text":"","src":"https:\/\/i0.wp.com\/www.zwartraafje.be\/blog\/wp-content\/uploads\/2017\/03\/20170304_131921_LLS-e1489267349815.jpg?resize=350%2C200&ssl=1","width":350,"height":200,"srcset":"https:\/\/i0.wp.com\/www.zwartraafje.be\/blog\/wp-content\/uploads\/2017\/03\/20170304_131921_LLS-e1489267349815.jpg?resize=350%2C200&ssl=1 1x, https:\/\/i0.wp.com\/www.zwartraafje.be\/blog\/wp-content\/uploads\/2017\/03\/20170304_131921_LLS-e1489267349815.jpg?resize=525%2C300&ssl=1 1.5x, https:\/\/i0.wp.com\/www.zwartraafje.be\/blog\/wp-content\/uploads\/2017\/03\/20170304_131921_LLS-e1489267349815.jpg?resize=700%2C400&ssl=1 2x"},"classes":[]},{"id":10464,"url":"https:\/\/www.zwartraafje.be\/blog\/2017\/03\/2017-shelfies-2\/","url_meta":{"origin":10509,"position":3},"title":"2017: Shelfies #2","author":"Zwartraafje","date":"08\/03\/2017","format":false,"excerpt":"18 juni 2015. Zo lang is het geleden sinds ik jullie de inhoud van mijn boekenkast toonde via een reeks blogposts die de toepasselijk naam Shelfies kregen. Enkele maanden geleden wilde ik jullie opnieuw een blik in mijn mini-bibliotheek tonen. Oorspronnkelijk dacht ik dat via enkele vlogs te doen maar\u2026","rel":"","context":"In &quot;Boeken&quot;","block_context":{"text":"Boeken","link":"https:\/\/www.zwartraafje.be\/blog\/category\/boeken\/"},"img":{"alt_text":"","src":"https:\/\/i0.wp.com\/www.zwartraafje.be\/blog\/wp-content\/uploads\/2017\/02\/20170214_113510-e1487673402291.jpg?resize=350%2C200&ssl=1","width":350,"height":200,"srcset":"https:\/\/i0.wp.com\/www.zwartraafje.be\/blog\/wp-content\/uploads\/2017\/02\/20170214_113510-e1487673402291.jpg?resize=350%2C200&ssl=1 1x, https:\/\/i0.wp.com\/www.zwartraafje.be\/blog\/wp-content\/uploads\/2017\/02\/20170214_113510-e1487673402291.jpg?resize=525%2C300&ssl=1 1.5x, https:\/\/i0.wp.com\/www.zwartraafje.be\/blog\/wp-content\/uploads\/2017\/02\/20170214_113510-e1487673402291.jpg?resize=700%2C400&ssl=1 2x"},"classes":[]},{"id":11627,"url":"https:\/\/www.zwartraafje.be\/blog\/2017\/08\/2017-shelfies-6\/","url_meta":{"origin":10509,"position":4},"title":"2017: Shelfies #6","author":"Zwartraafje","date":"20\/08\/2017","format":false,"excerpt":"18 juni 2015. Zo lang is het geleden sinds ik jullie de inhoud van mijn boekenkast toonde via een reeks blogposts die de toepasselijk naam Shelfies kregen. Enkele maanden geleden wilde ik jullie opnieuw een blik in mijn mini-bibliotheek tonen. Oorspronnkelijk dacht ik dat via enkele vlogs te doen maar\u2026","rel":"","context":"In &quot;Boeken&quot;","block_context":{"text":"Boeken","link":"https:\/\/www.zwartraafje.be\/blog\/category\/boeken\/"},"img":{"alt_text":"","src":"https:\/\/i0.wp.com\/www.zwartraafje.be\/blog\/wp-content\/uploads\/2017\/08\/20170808_171042-e1502206312267.jpg?resize=350%2C200&ssl=1","width":350,"height":200,"srcset":"https:\/\/i0.wp.com\/www.zwartraafje.be\/blog\/wp-content\/uploads\/2017\/08\/20170808_171042-e1502206312267.jpg?resize=350%2C200&ssl=1 1x, https:\/\/i0.wp.com\/www.zwartraafje.be\/blog\/wp-content\/uploads\/2017\/08\/20170808_171042-e1502206312267.jpg?resize=525%2C300&ssl=1 1.5x, https:\/\/i0.wp.com\/www.zwartraafje.be\/blog\/wp-content\/uploads\/2017\/08\/20170808_171042-e1502206312267.jpg?resize=700%2C400&ssl=1 2x"},"classes":[]},{"id":19408,"url":"https:\/\/www.zwartraafje.be\/blog\/2021\/04\/2021-shelfies-1\/","url_meta":{"origin":10509,"position":5},"title":"2021: Shelfies #1","author":"Zwartraafje","date":"20\/04\/2021","format":false,"excerpt":"Toen we na de verbouwingen aan ons huis de nieuwe Billy-boekenkasten hadden gemonteerd en gevuld (zo\u2019n heerlijk moment) besloot ik dat het hoog tijd werd om jullie een keer de inhoud van die kasten te tonen. De eerste Shelfies-post verscheen in juni 2015 en sindsdien probeer ik mijn boekenkasten af\u2026","rel":"","context":"In &quot;Boeken&quot;","block_context":{"text":"Boeken","link":"https:\/\/www.zwartraafje.be\/blog\/category\/boeken\/"},"img":{"alt_text":"","src":"https:\/\/i0.wp.com\/www.zwartraafje.be\/blog\/wp-content\/uploads\/2021\/04\/20210415_092223-e1618584877899.jpg?resize=350%2C200&ssl=1","width":350,"height":200,"srcset":"https:\/\/i0.wp.com\/www.zwartraafje.be\/blog\/wp-content\/uploads\/2021\/04\/20210415_092223-e1618584877899.jpg?resize=350%2C200&ssl=1 1x, https:\/\/i0.wp.com\/www.zwartraafje.be\/blog\/wp-content\/uploads\/2021\/04\/20210415_092223-e1618584877899.jpg?resize=525%2C300&ssl=1 1.5x"},"classes":[]}],"jetpack_likes_enabled":true,"_links":{"self":[{"href":"https:\/\/www.zwartraafje.be\/blog\/wp-json\/wp\/v2\/posts\/10509","targetHints":{"allow":["GET"]}}],"collection":[{"href":"https:\/\/www.zwartraafje.be\/blog\/wp-json\/wp\/v2\/posts"}],"about":[{"href":"https:\/\/www.zwartraafje.be\/blog\/wp-json\/wp\/v2\/types\/post"}],"author":[{"embeddable":true,"href":"https:\/\/www.zwartraafje.be\/blog\/wp-json\/wp\/v2\/users\/1"}],"replies":[{"embeddable":true,"href":"https:\/\/www.zwartraafje.be\/blog\/wp-json\/wp\/v2\/comments?post=10509"}],"version-history":[{"count":1,"href":"https:\/\/www.zwartraafje.be\/blog\/wp-json\/wp\/v2\/posts\/10509\/revisions"}],"predecessor-version":[{"id":10517,"href":"https:\/\/www.zwartraafje.be\/blog\/wp-json\/wp\/v2\/posts\/10509\/revisions\/10517"}],"wp:attachment":[{"href":"https:\/\/www.zwartraafje.be\/blog\/wp-json\/wp\/v2\/media?parent=10509"}],"wp:term":[{"taxonomy":"category","embeddable":true,"href":"https:\/\/www.zwartraafje.be\/blog\/wp-json\/wp\/v2\/categories?post=10509"},{"taxonomy":"post_tag","embeddable":true,"href":"https:\/\/www.zwartraafje.be\/blog\/wp-json\/wp\/v2\/tags?post=10509"}],"curies":[{"name":"wp","href":"https:\/\/api.w.org\/{rel}","templated":true}]}}